{"id":23563,"date":"2014-11-26T15:07:53","date_gmt":"2014-11-26T20:07:53","guid":{"rendered":"http:\/\/www.ambiente.gob.ec\/?p=23563"},"modified":"2014-11-26T15:07:53","modified_gmt":"2014-11-26T20:07:53","slug":"el-ministerio-del-ambiente-realiza-una-charla-de-educacion-ambiental-a-estudiantes-de-la-unidad-educativa-10-de-enero","status":"publish","type":"post","link":"https:\/\/www.ambienteyenergia.gob.ec\/ambiente\/el-ministerio-del-ambiente-realiza-una-charla-de-educacion-ambiental-a-estudiantes-de-la-unidad-educativa-10-de-enero\/","title":{"rendered":"El Ministerio del Ambiente realiza una charla de Educaci\u00f3n Ambiental a estudiantes de la Unidad Educativa 10 de Enero"},"content":{"rendered":"<p style=\"text-align: justify;\">El pasado martes 25 de Noviembre, el Ministerio del Ambiente a trav\u00e9s de la Direcci\u00f3n Provincial del Ambiente de Bol\u00edvar, realiz\u00f3 una Charla de Educaci\u00f3n Ambiental a estudiantes de 1ro y 2do a\u00f1o de bachillerato de la Unidad Educativa 10 de Enero del cant\u00f3n San Miguel, de la provincia de Bol\u00edvar; con el fin de difundir la normativa ambiental vigente y evitar la contaminaci\u00f3n ambiental.<\/p>\n<p style=\"text-align: justify;\">Como parte de su compromiso de aportar con el trabajo que realiza esta cartera de Estado, la Unidad Educativa 10 de Enero, dentro de sus horas acad\u00e9micas a incluido una alternativa escolar de Medio Ambiente; espacio donde se imparti\u00f3 la charla sobre temas referentes al manejo adecuado de plaguicidas y el impacto ambiental que su uso provoca en la naturaleza.<\/p>\n<p style=\"text-align: justify;\">Estas charlas de Educaci\u00f3n Ambiental son una estrategia pedag\u00f3gica que posibilita el estudio y la comprensi\u00f3n de la problem\u00e1tica ambiental local y contribuye en la b\u00fasqueda de soluciones acordes con las realidades de cada lugar de residencia. As\u00ed, los estudiantes conocieron sobre el triple lavado, almacenamiento seguro de plaguicidas y su disposici\u00f3n final; con la idea de que su aprendizaje pueda ser replicado en sus hogares y barrios.<\/p>\n<p style=\"text-align: justify;\">De esta forma el MAE impulsa la participaci\u00f3n ciudadana en los procesos encaminados a la protecci\u00f3n de la naturaleza y al desarrollo sustentable del pa\u00eds.<\/p>\n<p style=\"text-align: justify;\">MH<\/p>\n","protected":false},"excerpt":{"rendered":"<p class=\"excerpt\">El pasado martes 25 de Noviembre, el Ministerio del Ambiente a trav\u00e9s de la Direcci\u00f3n Provincial del Ambiente de Bol\u00edvar, realiz\u00f3 una Charla de Educaci\u00f3n Ambiental a estudiantes de 1ro y 2do a\u00f1o de bachillerato de la Unidad Educativa 10 de Enero del cant\u00f3n San Miguel, de la provincia de Bol\u00edvar; con el fin de difundir la normativa ambiental vigente&hellip; <a href=\"https:\/\/www.ambienteyenergia.gob.ec\/ambiente\/el-ministerio-del-ambiente-realiza-una-charla-de-educacion-ambiental-a-estudiantes-de-la-unidad-educativa-10-de-enero\/\">Read more &rarr;<\/a><\/p>\n","protected":false},"author":13,"featured_media":23564,"comment_status":"open","ping_status":"open","sticky":false,"template":"","format":"standard","meta":{"footnotes":""},"categories":[16,4],"tags":[],"class_list":["post-23563","post","type-post","status-publish","format-standard","has-post-thumbnail","hentry","category-comunicamos","category-noticias","xfolkentry"],"_links":{"self":[{"href":"https:\/\/www.ambienteyenergia.gob.ec\/ambiente\/wp-json\/wp\/v2\/posts\/23563","targetHints":{"allow":["GET"]}}],"collection":[{"href":"https:\/\/www.ambienteyenergia.gob.ec\/ambiente\/wp-json\/wp\/v2\/posts"}],"about":[{"href":"https:\/\/www.ambienteyenergia.gob.ec\/ambiente\/wp-json\/wp\/v2\/types\/post"}],"author":[{"embeddable":true,"href":"https:\/\/www.ambienteyenergia.gob.ec\/ambiente\/wp-json\/wp\/v2\/users\/13"}],"replies":[{"embeddable":true,"href":"https:\/\/www.ambienteyenergia.gob.ec\/ambiente\/wp-json\/wp\/v2\/comments?post=23563"}],"version-history":[{"count":0,"href":"https:\/\/www.ambienteyenergia.gob.ec\/ambiente\/wp-json\/wp\/v2\/posts\/23563\/revisions"}],"wp:featuredmedia":[{"embeddable":true,"href":"https:\/\/www.ambienteyenergia.gob.ec\/ambiente\/wp-json\/wp\/v2\/media\/23564"}],"wp:attachment":[{"href":"https:\/\/www.ambienteyenergia.gob.ec\/ambiente\/wp-json\/wp\/v2\/media?parent=23563"}],"wp:term":[{"taxonomy":"category","embeddable":true,"href":"https:\/\/www.ambienteyenergia.gob.ec\/ambiente\/wp-json\/wp\/v2\/categories?post=23563"},{"taxonomy":"post_tag","embeddable":true,"href":"https:\/\/www.ambienteyenergia.gob.ec\/ambiente\/wp-json\/wp\/v2\/tags?post=23563"}],"curies":[{"name":"wp","href":"https:\/\/api.w.org\/{rel}","templated":true}]}}