{"id":23560,"date":"2014-11-26T10:18:56","date_gmt":"2014-11-26T15:18:56","guid":{"rendered":"http:\/\/www.ambiente.gob.ec\/?p=23560"},"modified":"2014-11-26T10:18:56","modified_gmt":"2014-11-26T15:18:56","slug":"ministerio-del-ambiente-se-une-al-proyecto-becas-prometeo-del-senescyt","status":"publish","type":"post","link":"https:\/\/www.ambienteyenergia.gob.ec\/ambiente\/ministerio-del-ambiente-se-une-al-proyecto-becas-prometeo-del-senescyt\/","title":{"rendered":"Ministerio del Ambiente se une al Proyecto Becas Prometeo del SENESCYT"},"content":{"rendered":"<p style=\"text-align: justify;\">El Ministerio de Ambiente del Ecuador (MAE) firm\u00f3 un Convenio Marco Interinstitucional con la Secretar\u00eda de Educaci\u00f3n Superior, Ciencia, Tecnolog\u00eda e Innovaci\u00f3n (SENESCYT), para la vinculaci\u00f3n de becarios en el marco del proyecto \u201cBecas Prometeo\u201d.<\/p>\n<p style=\"text-align: justify;\">\n<p style=\"text-align: justify;\">El convenio en menci\u00f3n tiene como finalidad otorgar becas a docentes e investigadores expertos de alto nivel, para que realicen sus actividades de investigaci\u00f3n cient\u00edfica, docencia y transferencia de conocimientos en temas especializados en el Medio Ambiente.<\/p>\n<p style=\"text-align: justify;\">\n<p style=\"text-align: justify;\">El Proyecto Becas Prometeo impulsado por la SENESCYT, busca fortalecer los sectores estrat\u00e9gicos del pa\u00eds con el desarrollo de investigaci\u00f3n e innovaci\u00f3n, a trav\u00e9s de la vinculaci\u00f3n de investigadores de alto nivel para desarrollar, asesorar, fomentar y fortalecer proyectos institucionales, con la finalidad de lograr una transferencia de conocimiento dentro de las entidades p\u00fablicas y sectores productivos.<\/p>\n<p style=\"text-align: justify;\">\n<p style=\"text-align: justify;\">El Ministerio del Ambiente por ejemplo ya cuenta con un Becario Prometeo en la instituci\u00f3n; se trata del Dr. Juan Pablo Celem\u00edn quien brinda sus conocimientos en la Direcci\u00f3n Provincial de Ambiente de Imbabura, desde el mes de abril de este a\u00f1o. A su cargo tiene el desarrollo del proyecto de investigaci\u00f3n: \u201cEstudio y an\u00e1lisis de la calidad ambiental de la Zona de Planificaci\u00f3n 1 a trav\u00e9s del uso de sistemas de informaci\u00f3n geogr\u00e1fica\u201d.<\/p>\n<p style=\"text-align: justify;\">\n<p style=\"text-align: justify;\">Adem\u00e1s el Proyecto Prometeo aprob\u00f3 el proyecto de investigaci\u00f3n del Dr. Luis Rodr\u00edguez \u201cAmpliaci\u00f3n de las capacidades cient\u00edficas en materia de Ecohidrolog\u00eda como apoyo a la gesti\u00f3n sostenible de los recursos naturales en el Austro Ecuatoriano\u201d, mismo que se elaborar\u00e1 dentro del Programa Socio Bosque a partir de febrero del 2015. A esto suma el proyecto de investigaci\u00f3n del Dr. Stuart Hamilton sobre \u201cElaboraci\u00f3n de un plan piloto de gesti\u00f3n para el estuario del r\u00edo Chone, Refugio de Vida Silvestre Islas Coraz\u00f3n y Fragatas, que promueva la salud de los estuarios del Ecuador con \u00e9nfasis en la reducci\u00f3n de sedimentaci\u00f3n en el futuro\u201d, el cual se desarrollar\u00e1 en la Direcci\u00f3n Provincial del Ambiente de Manab\u00ed desde mayo del 2015.<\/p>\n<p style=\"text-align: justify;\">\n<p style=\"text-align: justify;\">Para mayor informaci\u00f3n sobre el procedimiento para vincular Becarios Prometeo puede adquirirlo escribiendo al correo <a href=\"mailto:prometeo@ambiente.gob.ec\">prometeo@ambiente.gob.ec<\/a> o a trav\u00e9s de la p\u00e1gina web <a href=\"http:\/\/www.prometeo.educacionsuperior.gob.ec\">www.prometeo.educacionsuperior.gob.ec<\/a><\/p>\n","protected":false},"excerpt":{"rendered":"<p class=\"excerpt\">El Ministerio de Ambiente del Ecuador (MAE) firm\u00f3 un Convenio Marco Interinstitucional con la Secretar\u00eda de Educaci\u00f3n Superior, Ciencia, Tecnolog\u00eda e Innovaci\u00f3n (SENESCYT), para la vinculaci\u00f3n de becarios en el marco del proyecto \u201cBecas Prometeo\u201d. El convenio en menci\u00f3n tiene como finalidad otorgar becas a docentes e investigadores expertos de alto nivel, para que realicen sus actividades de investigaci\u00f3n cient\u00edfica,&hellip; <a href=\"https:\/\/www.ambienteyenergia.gob.ec\/ambiente\/ministerio-del-ambiente-se-une-al-proyecto-becas-prometeo-del-senescyt\/\">Read more &rarr;<\/a><\/p>\n","protected":false},"author":13,"featured_media":23214,"comment_status":"open","ping_status":"open","sticky":false,"template":"","format":"standard","meta":{"footnotes":""},"categories":[16,4],"tags":[],"class_list":["post-23560","post","type-post","status-publish","format-standard","has-post-thumbnail","hentry","category-comunicamos","category-noticias","xfolkentry"],"_links":{"self":[{"href":"https:\/\/www.ambienteyenergia.gob.ec\/ambiente\/wp-json\/wp\/v2\/posts\/23560","targetHints":{"allow":["GET"]}}],"collection":[{"href":"https:\/\/www.ambienteyenergia.gob.ec\/ambiente\/wp-json\/wp\/v2\/posts"}],"about":[{"href":"https:\/\/www.ambienteyenergia.gob.ec\/ambiente\/wp-json\/wp\/v2\/types\/post"}],"author":[{"embeddable":true,"href":"https:\/\/www.ambienteyenergia.gob.ec\/ambiente\/wp-json\/wp\/v2\/users\/13"}],"replies":[{"embeddable":true,"href":"https:\/\/www.ambienteyenergia.gob.ec\/ambiente\/wp-json\/wp\/v2\/comments?post=23560"}],"version-history":[{"count":0,"href":"https:\/\/www.ambienteyenergia.gob.ec\/ambiente\/wp-json\/wp\/v2\/posts\/23560\/revisions"}],"wp:featuredmedia":[{"embeddable":true,"href":"https:\/\/www.ambienteyenergia.gob.ec\/ambiente\/wp-json\/wp\/v2\/media\/23214"}],"wp:attachment":[{"href":"https:\/\/www.ambienteyenergia.gob.ec\/ambiente\/wp-json\/wp\/v2\/media?parent=23560"}],"wp:term":[{"taxonomy":"category","embeddable":true,"href":"https:\/\/www.ambienteyenergia.gob.ec\/ambiente\/wp-json\/wp\/v2\/categories?post=23560"},{"taxonomy":"post_tag","embeddable":true,"href":"https:\/\/www.ambienteyenergia.gob.ec\/ambiente\/wp-json\/wp\/v2\/tags?post=23560"}],"curies":[{"name":"wp","href":"https:\/\/api.w.org\/{rel}","templated":true}]}}