{"id":23549,"date":"2014-11-25T15:40:42","date_gmt":"2014-11-25T20:40:42","guid":{"rendered":"http:\/\/www.ambiente.gob.ec\/?p=23549"},"modified":"2014-11-25T17:02:05","modified_gmt":"2014-11-25T22:02:05","slug":"66-toneladas-de-residuos-inorganicos-aprovechables-fueron-retirados-de-las-islas-galapagos","status":"publish","type":"post","link":"https:\/\/www.ambienteyenergia.gob.ec\/ambiente\/66-toneladas-de-residuos-inorganicos-aprovechables-fueron-retirados-de-las-islas-galapagos\/","title":{"rendered":"66 toneladas de residuos inorg\u00e1nicos aprovechables fueron retirados de las Islas Gal\u00e1pagos"},"content":{"rendered":"<p style=\"text-align: justify;\">El Ministerio del Ambiente de Ecuador (MAE), a trav\u00e9s del Programa Nacional para la Gesti\u00f3n Integral de Desechos S\u00f3lidos (PNGIDS), en un trabajo coordinado con los Gobiernos Aut\u00f3nomos Descentralizados y diferentes empresa del sector privado ejecut\u00f3 la Segunda Fase de la Campa\u00f1a Gal\u00e1pagos limpio, con el fin de garantizar un adecuado tratamiento de los residuos s\u00f3lidos de las islas, disminuyendo as\u00ed los impactos generados por su inadecuada disposici\u00f3n final.<\/p>\n<p style=\"text-align: justify;\">Es por tal motivo que hoy lleg\u00f3 a Guayaquil la Moto Nave Gal\u00e1pagos, la cual transport\u00f3 desde Gal\u00e1pagos 66 toneladas de residuos inorg\u00e1nicos reciclables tales como: papel, cart\u00f3n, vidrio, pl\u00e1stico y chatarra, los cuales fueron recuperadas y almacenadas por los Gobiernos Aut\u00f3nomos Descentralizados de las islas Santa Cruz y San Crist\u00f3bal.<\/p>\n<p style=\"text-align: justify;\">Con el apoyo coordinado entre el MAE y un grupo de empresas gestoras especializadas como: REPAPERS, ENKADOR, CRIDESA y NOVACERO se logr\u00f3 la correcta evacuaci\u00f3n de estos residuos hacia continente, con lo que se busca incluirlos en nuevos procesos productivos.<\/p>\n<p style=\"text-align: justify;\">Esta iniciativa dio forma al Plan de Limpieza Gal\u00e1pagos y a la campa\u00f1a Gal\u00e1pagos Limpio, cuyo objetivo es generar un sistema sustentable a largo plazo que permita a los municipios de las islas y a la empresa privada trabajar en pro de la conservaci\u00f3n del ambiente, a trav\u00e9s de la reducci\u00f3n de la cantidad de residuos s\u00f3lidos enviados a disposici\u00f3n final sin ning\u00fan tipo de tratamiento. Para ello, se plantea la evacuaci\u00f3n peri\u00f3dica de los residuos aprovechables hacia continente.<\/p>\n<p style=\"text-align: justify;\">Este Plan de limpieza ha finalizado, hasta el momento, dos de sus tres fases, movilizando en su Fase I m\u00e1s de 5 300 neum\u00e1ticos fuera de uso y en su Fase II m\u00e1s de 66 toneladas de residuos s\u00f3lidos aprovechables.<\/p>\n<p style=\"text-align: justify;\">En su Fase III, la campa\u00f1a prev\u00e9 recolectar celulares que se encuentran en desuso en todo el archipi\u00e9lago y a la par concienciar a la poblaci\u00f3n galapague\u00f1a sobre la importancia de reciclar, reducir, reusar y rechazar.<\/p>\n<p style=\"text-align: justify;\">De esta manera, estamos garantizando un desarrollo normal de las actividades internas de las islas y a su vez protegemos el ambiente para que futuras generaciones disfruten de las maravillas que posee Gal\u00e1pagos.<\/p>\n","protected":false},"excerpt":{"rendered":"<p class=\"excerpt\">El Ministerio del Ambiente de Ecuador (MAE), a trav\u00e9s del Programa Nacional para la Gesti\u00f3n Integral de Desechos S\u00f3lidos (PNGIDS), en un trabajo coordinado con los Gobiernos Aut\u00f3nomos Descentralizados y diferentes empresa del sector privado ejecut\u00f3 la Segunda Fase de la Campa\u00f1a Gal\u00e1pagos limpio, con el fin de garantizar un adecuado tratamiento de los residuos s\u00f3lidos de las islas, disminuyendo&hellip; <a href=\"https:\/\/www.ambienteyenergia.gob.ec\/ambiente\/66-toneladas-de-residuos-inorganicos-aprovechables-fueron-retirados-de-las-islas-galapagos\/\">Read more &rarr;<\/a><\/p>\n","protected":false},"author":13,"featured_media":23555,"comment_status":"open","ping_status":"open","sticky":false,"template":"","format":"standard","meta":{"footnotes":""},"categories":[16,4],"tags":[],"class_list":["post-23549","post","type-post","status-publish","format-standard","has-post-thumbnail","hentry","category-comunicamos","category-noticias","xfolkentry"],"_links":{"self":[{"href":"https:\/\/www.ambienteyenergia.gob.ec\/ambiente\/wp-json\/wp\/v2\/posts\/23549","targetHints":{"allow":["GET"]}}],"collection":[{"href":"https:\/\/www.ambienteyenergia.gob.ec\/ambiente\/wp-json\/wp\/v2\/posts"}],"about":[{"href":"https:\/\/www.ambienteyenergia.gob.ec\/ambiente\/wp-json\/wp\/v2\/types\/post"}],"author":[{"embeddable":true,"href":"https:\/\/www.ambienteyenergia.gob.ec\/ambiente\/wp-json\/wp\/v2\/users\/13"}],"replies":[{"embeddable":true,"href":"https:\/\/www.ambienteyenergia.gob.ec\/ambiente\/wp-json\/wp\/v2\/comments?post=23549"}],"version-history":[{"count":0,"href":"https:\/\/www.ambienteyenergia.gob.ec\/ambiente\/wp-json\/wp\/v2\/posts\/23549\/revisions"}],"wp:featuredmedia":[{"embeddable":true,"href":"https:\/\/www.ambienteyenergia.gob.ec\/ambiente\/wp-json\/wp\/v2\/media\/23555"}],"wp:attachment":[{"href":"https:\/\/www.ambienteyenergia.gob.ec\/ambiente\/wp-json\/wp\/v2\/media?parent=23549"}],"wp:term":[{"taxonomy":"category","embeddable":true,"href":"https:\/\/www.ambienteyenergia.gob.ec\/ambiente\/wp-json\/wp\/v2\/categories?post=23549"},{"taxonomy":"post_tag","embeddable":true,"href":"https:\/\/www.ambienteyenergia.gob.ec\/ambiente\/wp-json\/wp\/v2\/tags?post=23549"}],"curies":[{"name":"wp","href":"https:\/\/api.w.org\/{rel}","templated":true}]}}