{"id":23546,"date":"2014-11-25T14:36:06","date_gmt":"2014-11-25T19:36:06","guid":{"rendered":"http:\/\/www.ambiente.gob.ec\/?p=23546"},"modified":"2014-11-25T14:36:06","modified_gmt":"2014-11-25T19:36:06","slug":"mae-y-bomberos-sofocaron-incendio-en-la-laguna-de-san-antonio-de-padua","status":"publish","type":"post","link":"https:\/\/www.ambienteyenergia.gob.ec\/ambiente\/mae-y-bomberos-sofocaron-incendio-en-la-laguna-de-san-antonio-de-padua\/","title":{"rendered":"MAE y Bomberos sofocaron incendio en la laguna de San Antonio de Padua"},"content":{"rendered":"<p style=\"text-align: justify;\">Ayer, personal del Ministerio del Ambiente (MAE) apoy\u00f3 al cuerpo de bomberos en las actividades de control de incendio suscitado en la Laguna San Antonio de Padua, ubicada al noroeste de la ciudad de Riobamba.<\/p>\n<p style=\"text-align: justify;\">\n<p style=\"text-align: justify;\">Seg\u00fan versiones de los moradores que habitan junto a la laguna el incendio se suscit\u00f3 a las 13:00 aproximadamente. Una vez identificado el flagelo Guardaparques de la Direcci\u00f3n Provincial del Ambiente de Chimborazo activaron el plan de contingencia ante incendios y se moviliz\u00f3 al lugar con el cuerpo de bomberos de la ciudad para sofocar el fuego.<\/p>\n<p style=\"text-align: justify;\">\n<p style=\"text-align: justify;\">Las llamas consumieron 3 hect\u00e1reas aproximadas de totora (<em>Seirpus californicus<\/em>) de la \u00fanica laguna natural situada dentro del per\u00edmetro urbano de la ciudad, h\u00e1bitat natural de especies andinas como el zambullidor piquipinto, la cerceta andina, la gaviota andina (<em>Larus serranus<\/em>), el avefr\u00eda andina \u201cLigle\u201d (<em>Vanellus resplendens<\/em>) que rara vez se las puede ver.<\/p>\n<p style=\"text-align: justify;\">\n<p style=\"text-align: justify;\">El incendio, que se presume fue provocado fue sofocado por completo a las 19:55.<\/p>\n<p style=\"text-align: justify;\">\n<p style=\"text-align: justify;\">El MAE realizar\u00e1 las indagaciones y el seguimiento respectivo para que se identifique a los presuntos culpables que causaron da\u00f1os al ambiente.<\/p>\n<p style=\"text-align: justify;\">\n","protected":false},"excerpt":{"rendered":"<p class=\"excerpt\">Ayer, personal del Ministerio del Ambiente (MAE) apoy\u00f3 al cuerpo de bomberos en las actividades de control de incendio suscitado en la Laguna San Antonio de Padua, ubicada al noroeste de la ciudad de Riobamba. Seg\u00fan versiones de los moradores que habitan junto a la laguna el incendio se suscit\u00f3 a las 13:00 aproximadamente. Una vez identificado el flagelo Guardaparques&hellip; <a href=\"https:\/\/www.ambienteyenergia.gob.ec\/ambiente\/mae-y-bomberos-sofocaron-incendio-en-la-laguna-de-san-antonio-de-padua\/\">Read more &rarr;<\/a><\/p>\n","protected":false},"author":13,"featured_media":23547,"comment_status":"open","ping_status":"open","sticky":false,"template":"","format":"standard","meta":{"footnotes":""},"categories":[16,4],"tags":[],"class_list":["post-23546","post","type-post","status-publish","format-standard","has-post-thumbnail","hentry","category-comunicamos","category-noticias","xfolkentry"],"_links":{"self":[{"href":"https:\/\/www.ambienteyenergia.gob.ec\/ambiente\/wp-json\/wp\/v2\/posts\/23546","targetHints":{"allow":["GET"]}}],"collection":[{"href":"https:\/\/www.ambienteyenergia.gob.ec\/ambiente\/wp-json\/wp\/v2\/posts"}],"about":[{"href":"https:\/\/www.ambienteyenergia.gob.ec\/ambiente\/wp-json\/wp\/v2\/types\/post"}],"author":[{"embeddable":true,"href":"https:\/\/www.ambienteyenergia.gob.ec\/ambiente\/wp-json\/wp\/v2\/users\/13"}],"replies":[{"embeddable":true,"href":"https:\/\/www.ambienteyenergia.gob.ec\/ambiente\/wp-json\/wp\/v2\/comments?post=23546"}],"version-history":[{"count":0,"href":"https:\/\/www.ambienteyenergia.gob.ec\/ambiente\/wp-json\/wp\/v2\/posts\/23546\/revisions"}],"wp:featuredmedia":[{"embeddable":true,"href":"https:\/\/www.ambienteyenergia.gob.ec\/ambiente\/wp-json\/wp\/v2\/media\/23547"}],"wp:attachment":[{"href":"https:\/\/www.ambienteyenergia.gob.ec\/ambiente\/wp-json\/wp\/v2\/media?parent=23546"}],"wp:term":[{"taxonomy":"category","embeddable":true,"href":"https:\/\/www.ambienteyenergia.gob.ec\/ambiente\/wp-json\/wp\/v2\/categories?post=23546"},{"taxonomy":"post_tag","embeddable":true,"href":"https:\/\/www.ambienteyenergia.gob.ec\/ambiente\/wp-json\/wp\/v2\/tags?post=23546"}],"curies":[{"name":"wp","href":"https:\/\/api.w.org\/{rel}","templated":true}]}}