{"id":23542,"date":"2014-11-24T17:00:55","date_gmt":"2014-11-24T22:00:55","guid":{"rendered":"http:\/\/www.ambiente.gob.ec\/?p=23542"},"modified":"2014-11-24T17:00:55","modified_gmt":"2014-11-24T22:00:55","slug":"mae-promueve-proyecto-servicio-civil-ciudadano-en-el-canton-ibarra","status":"publish","type":"post","link":"https:\/\/www.ambienteyenergia.gob.ec\/ambiente\/mae-promueve-proyecto-servicio-civil-ciudadano-en-el-canton-ibarra\/","title":{"rendered":"MAE promueve proyecto \u201cServicio Civil Ciudadano\u201d en el Cant\u00f3n Ibarra"},"content":{"rendered":"<p style=\"text-align: justify;\">Con el objetivo de establecer pr\u00e1cticas de participaci\u00f3n ciudadana especialmente en los j\u00f3venes, en b\u00fasqueda de la construcci\u00f3n de un mejor pa\u00eds; el pasado viernes 21 de noviembre, el Ministerio del Ambiente del Ecuador (MAE) a trav\u00e9s de la Direcci\u00f3n Provincial del Ambiente de Imbabura, realiz\u00f3 la socializaci\u00f3n del proyecto \u201cServicio Civil Ciudadano\u201d en el cant\u00f3n Ibarra, provincia de Imbabura.<\/p>\n<p style=\"text-align: justify;\">En este espacio, j\u00f3venes voluntarios capacitaron a 180 estudiantes de la Escuela de Educaci\u00f3n B\u00e1sica y Nivel Inicial \u201cEduard Spranger\u201d y Centro Infantil Gotitas de Miel, sobre temas de Manejo Integral de los Desechos S\u00f3lidos, buenas pr\u00e1cticas ambientales y el consumo responsable.<\/p>\n<p style=\"text-align: justify;\">La capacitaci\u00f3n se realiz\u00f3 a trav\u00e9s de charlas, juegos y adem\u00e1s de una obra de t\u00edteres denominada \u201cel ni\u00f1o y el se\u00f1or planeta\u201d. De esta forma el Ministerio del Ambiente busca despertar el inter\u00e9s de ni\u00f1os y j\u00f3venes hacia la conservaci\u00f3n de la naturaleza.<\/p>\n<p style=\"text-align: justify;\">Estudiantes, profesores y directivos se mostraron agradecidos con las actividades realizadas en los planteles educativos y reiteraron su compromiso de apoyar el trabajo que realiza esta cartera de Estado en beneficio de todo el pa\u00eds.<\/p>\n<p style=\"text-align: justify;\">De esta forma, el MAE a trav\u00e9s del proyecto \u201cServicio Civil Ciudadano\u201d pretende formar a los m\u00e1s peque\u00f1os de la casa como los futuros guardianes del planeta.<\/p>\n<p style=\"text-align: justify;\">\n","protected":false},"excerpt":{"rendered":"<p class=\"excerpt\">Con el objetivo de establecer pr\u00e1cticas de participaci\u00f3n ciudadana especialmente en los j\u00f3venes, en b\u00fasqueda de la construcci\u00f3n de un mejor pa\u00eds; el pasado viernes 21 de noviembre, el Ministerio del Ambiente del Ecuador (MAE) a trav\u00e9s de la Direcci\u00f3n Provincial del Ambiente de Imbabura, realiz\u00f3 la socializaci\u00f3n del proyecto \u201cServicio Civil Ciudadano\u201d en el cant\u00f3n Ibarra, provincia de Imbabura.&hellip; <a href=\"https:\/\/www.ambienteyenergia.gob.ec\/ambiente\/mae-promueve-proyecto-servicio-civil-ciudadano-en-el-canton-ibarra\/\">Read more &rarr;<\/a><\/p>\n","protected":false},"author":13,"featured_media":23543,"comment_status":"open","ping_status":"open","sticky":false,"template":"","format":"standard","meta":{"footnotes":""},"categories":[16,4],"tags":[],"class_list":["post-23542","post","type-post","status-publish","format-standard","has-post-thumbnail","hentry","category-comunicamos","category-noticias","xfolkentry"],"_links":{"self":[{"href":"https:\/\/www.ambienteyenergia.gob.ec\/ambiente\/wp-json\/wp\/v2\/posts\/23542","targetHints":{"allow":["GET"]}}],"collection":[{"href":"https:\/\/www.ambienteyenergia.gob.ec\/ambiente\/wp-json\/wp\/v2\/posts"}],"about":[{"href":"https:\/\/www.ambienteyenergia.gob.ec\/ambiente\/wp-json\/wp\/v2\/types\/post"}],"author":[{"embeddable":true,"href":"https:\/\/www.ambienteyenergia.gob.ec\/ambiente\/wp-json\/wp\/v2\/users\/13"}],"replies":[{"embeddable":true,"href":"https:\/\/www.ambienteyenergia.gob.ec\/ambiente\/wp-json\/wp\/v2\/comments?post=23542"}],"version-history":[{"count":0,"href":"https:\/\/www.ambienteyenergia.gob.ec\/ambiente\/wp-json\/wp\/v2\/posts\/23542\/revisions"}],"wp:featuredmedia":[{"embeddable":true,"href":"https:\/\/www.ambienteyenergia.gob.ec\/ambiente\/wp-json\/wp\/v2\/media\/23543"}],"wp:attachment":[{"href":"https:\/\/www.ambienteyenergia.gob.ec\/ambiente\/wp-json\/wp\/v2\/media?parent=23542"}],"wp:term":[{"taxonomy":"category","embeddable":true,"href":"https:\/\/www.ambienteyenergia.gob.ec\/ambiente\/wp-json\/wp\/v2\/categories?post=23542"},{"taxonomy":"post_tag","embeddable":true,"href":"https:\/\/www.ambienteyenergia.gob.ec\/ambiente\/wp-json\/wp\/v2\/tags?post=23542"}],"curies":[{"name":"wp","href":"https:\/\/api.w.org\/{rel}","templated":true}]}}