{"id":23539,"date":"2014-11-24T16:33:04","date_gmt":"2014-11-24T21:33:04","guid":{"rendered":"http:\/\/www.ambiente.gob.ec\/?p=23539"},"modified":"2014-11-24T16:33:04","modified_gmt":"2014-11-24T21:33:04","slug":"el-mae-realiza-minga-de-limpieza-en-el-rio-aguarico","status":"publish","type":"post","link":"https:\/\/www.ambienteyenergia.gob.ec\/ambiente\/el-mae-realiza-minga-de-limpieza-en-el-rio-aguarico\/","title":{"rendered":"El MAE realiza minga de limpieza en el R\u00edo Aguarico"},"content":{"rendered":"<p style=\"text-align: justify;\">El Ministerio de Ambiente del Ecuador (MAE) a trav\u00e9s de la Direcci\u00f3n Provincial del Ambiente de Sucumb\u00edos, realiz\u00f3 el pasado 14 de noviembre una gran jornada de limpieza en el R\u00edo Aguarico; esto como parte de las actividades desarrolladas para conmemorar el D\u00eda Mundial de la Ecolog\u00eda que se record\u00f3 el primero de noviembre.<\/p>\n<p style=\"text-align: justify;\">\n<p style=\"text-align: justify;\">La minga de Limpieza cont\u00f3 tambi\u00e9n con el apoyo de la Armada Nacional de la Parroquia General Farfan, el Ministerio del Turismo, Senagua, Ministerio de Educaci\u00f3n, Gobierno Provincial y Gobierno Aut\u00f3nomo Descentralizado de la Provincia de Sucumbios.<\/p>\n<p style=\"text-align: justify;\">\n<p style=\"text-align: justify;\">La jornada inici\u00f3 a las 9:00 con la participaci\u00f3n de 70 ni\u00f1os y ni\u00f1as, de 4 escuelas de la ciudad de Nueva Loja, quienes con su trabajo dieron un ejemplo sobre la importancia de proteger este recurso natural.<\/p>\n<p style=\"text-align: justify;\">\n<p style=\"text-align: justify;\">Despu\u00e9s de algunas horas de limpieza se logr\u00f3 recolectar 3 quintales de basura; colaborando as\u00ed con el mejoramiento del medio ambiente y generando un compromiso hacia la conservaci\u00f3n de los r\u00edos.<\/p>\n<p style=\"text-align: justify;\">\n<p style=\"text-align: justify;\">Adem\u00e1s, el MAE complement\u00f3 esta actividad con concursos de pintura y juegos l\u00fadicos para los ni\u00f1os, quienes recibieron premios a su esfuerzo y compromiso de cuidar el medio ambiente.<\/p>\n","protected":false},"excerpt":{"rendered":"<p class=\"excerpt\">El Ministerio de Ambiente del Ecuador (MAE) a trav\u00e9s de la Direcci\u00f3n Provincial del Ambiente de Sucumb\u00edos, realiz\u00f3 el pasado 14 de noviembre una gran jornada de limpieza en el R\u00edo Aguarico; esto como parte de las actividades desarrolladas para conmemorar el D\u00eda Mundial de la Ecolog\u00eda que se record\u00f3 el primero de noviembre. La minga de Limpieza cont\u00f3 tambi\u00e9n&hellip; <a href=\"https:\/\/www.ambienteyenergia.gob.ec\/ambiente\/el-mae-realiza-minga-de-limpieza-en-el-rio-aguarico\/\">Read more &rarr;<\/a><\/p>\n","protected":false},"author":13,"featured_media":23540,"comment_status":"open","ping_status":"open","sticky":false,"template":"","format":"standard","meta":{"footnotes":""},"categories":[16,4],"tags":[],"class_list":["post-23539","post","type-post","status-publish","format-standard","has-post-thumbnail","hentry","category-comunicamos","category-noticias","xfolkentry"],"_links":{"self":[{"href":"https:\/\/www.ambienteyenergia.gob.ec\/ambiente\/wp-json\/wp\/v2\/posts\/23539","targetHints":{"allow":["GET"]}}],"collection":[{"href":"https:\/\/www.ambienteyenergia.gob.ec\/ambiente\/wp-json\/wp\/v2\/posts"}],"about":[{"href":"https:\/\/www.ambienteyenergia.gob.ec\/ambiente\/wp-json\/wp\/v2\/types\/post"}],"author":[{"embeddable":true,"href":"https:\/\/www.ambienteyenergia.gob.ec\/ambiente\/wp-json\/wp\/v2\/users\/13"}],"replies":[{"embeddable":true,"href":"https:\/\/www.ambienteyenergia.gob.ec\/ambiente\/wp-json\/wp\/v2\/comments?post=23539"}],"version-history":[{"count":0,"href":"https:\/\/www.ambienteyenergia.gob.ec\/ambiente\/wp-json\/wp\/v2\/posts\/23539\/revisions"}],"wp:featuredmedia":[{"embeddable":true,"href":"https:\/\/www.ambienteyenergia.gob.ec\/ambiente\/wp-json\/wp\/v2\/media\/23540"}],"wp:attachment":[{"href":"https:\/\/www.ambienteyenergia.gob.ec\/ambiente\/wp-json\/wp\/v2\/media?parent=23539"}],"wp:term":[{"taxonomy":"category","embeddable":true,"href":"https:\/\/www.ambienteyenergia.gob.ec\/ambiente\/wp-json\/wp\/v2\/categories?post=23539"},{"taxonomy":"post_tag","embeddable":true,"href":"https:\/\/www.ambienteyenergia.gob.ec\/ambiente\/wp-json\/wp\/v2\/tags?post=23539"}],"curies":[{"name":"wp","href":"https:\/\/api.w.org\/{rel}","templated":true}]}}