{"id":23528,"date":"2014-11-24T12:40:21","date_gmt":"2014-11-24T17:40:21","guid":{"rendered":"http:\/\/www.ambiente.gob.ec\/?p=23528"},"modified":"2014-11-24T12:40:21","modified_gmt":"2014-11-24T17:40:21","slug":"mae-capacita-a-comunidades-para-la-formacion-de-promotores-ambientales-en-el-parque-sangay","status":"publish","type":"post","link":"https:\/\/www.ambienteyenergia.gob.ec\/ambiente\/mae-capacita-a-comunidades-para-la-formacion-de-promotores-ambientales-en-el-parque-sangay\/","title":{"rendered":"MAE capacita a comunidades para la formaci\u00f3n de promotores ambientales en el Parque Sangay"},"content":{"rendered":"<p style=\"text-align: justify;\">El Ministerio del Ambiente de Ecuador (MAE) dio inicio a la socializaci\u00f3n de su Programa Ecotalleres en la parroquia Achupallas, ubicada en el Parque Sangay. Esta actividad formar y capacitar a nuevos Promotores Ambientales Comunitarios, en el marco del Proyecto Biocorredores, convenio interinstitucional entre el Ministerio del Ambiente y el Programa de Peque\u00f1as Donaciones.<\/p>\n<p style=\"text-align: justify;\">La fase de educaci\u00f3n ambiental cuenta con la participaci\u00f3n de 15 personas provenientes de 7 comunidades de la Parroquia Achupallas como Ozogoche Alto, Ozogoche Bajo, Totoras, Pomacocho, Azuay, Mapawi\u00f1a, entre otras, localizadas en el Parque Nacional Sangay y en la zona de amortiguamiento del \u00e1rea protegida.<\/p>\n<p style=\"text-align: justify;\">Para el desarrollo del taller, funcionarios de la Direcci\u00f3n Provincial del Ambiente de Chimborazo planificaron con los participantes y entidades coordinadoras, acuerdos y compromisos para el desarrollo de los m\u00f3dulos y las evaluaciones.<\/p>\n<p style=\"text-align: justify;\">La capacitaci\u00f3n tendr\u00e1 una duraci\u00f3n de 80 horas de acuerdo a los lineamientos de esta Cartera de Estado en temas de educaci\u00f3n ambiental, con el objetivo de ense\u00f1ar a los participantes sobre temas ambientales, acompa\u00f1ados de actividades l\u00fadicas y visitas de campo.<\/p>\n<p style=\"text-align: justify;\">El MAE, promueve espacios de di\u00e1logo y reflexi\u00f3n mediante la ense\u00f1anza dirigida a los actores comunitarios, ciudadanos que con su aporte incidir\u00e1n de forma positiva en la gesti\u00f3n socio-ambiental del Parque Nacional Sangay.<\/p>\n<p style=\"text-align: justify;\">\n","protected":false},"excerpt":{"rendered":"<p class=\"excerpt\">El Ministerio del Ambiente de Ecuador (MAE) dio inicio a la socializaci\u00f3n de su Programa Ecotalleres en la parroquia Achupallas, ubicada en el Parque Sangay. Esta actividad formar y capacitar a nuevos Promotores Ambientales Comunitarios, en el marco del Proyecto Biocorredores, convenio interinstitucional entre el Ministerio del Ambiente y el Programa de Peque\u00f1as Donaciones. La fase de educaci\u00f3n ambiental cuenta&hellip; <a href=\"https:\/\/www.ambienteyenergia.gob.ec\/ambiente\/mae-capacita-a-comunidades-para-la-formacion-de-promotores-ambientales-en-el-parque-sangay\/\">Read more &rarr;<\/a><\/p>\n","protected":false},"author":13,"featured_media":23529,"comment_status":"open","ping_status":"open","sticky":false,"template":"","format":"standard","meta":{"footnotes":""},"categories":[16,4],"tags":[],"class_list":["post-23528","post","type-post","status-publish","format-standard","has-post-thumbnail","hentry","category-comunicamos","category-noticias","xfolkentry"],"_links":{"self":[{"href":"https:\/\/www.ambienteyenergia.gob.ec\/ambiente\/wp-json\/wp\/v2\/posts\/23528","targetHints":{"allow":["GET"]}}],"collection":[{"href":"https:\/\/www.ambienteyenergia.gob.ec\/ambiente\/wp-json\/wp\/v2\/posts"}],"about":[{"href":"https:\/\/www.ambienteyenergia.gob.ec\/ambiente\/wp-json\/wp\/v2\/types\/post"}],"author":[{"embeddable":true,"href":"https:\/\/www.ambienteyenergia.gob.ec\/ambiente\/wp-json\/wp\/v2\/users\/13"}],"replies":[{"embeddable":true,"href":"https:\/\/www.ambienteyenergia.gob.ec\/ambiente\/wp-json\/wp\/v2\/comments?post=23528"}],"version-history":[{"count":0,"href":"https:\/\/www.ambienteyenergia.gob.ec\/ambiente\/wp-json\/wp\/v2\/posts\/23528\/revisions"}],"wp:featuredmedia":[{"embeddable":true,"href":"https:\/\/www.ambienteyenergia.gob.ec\/ambiente\/wp-json\/wp\/v2\/media\/23529"}],"wp:attachment":[{"href":"https:\/\/www.ambienteyenergia.gob.ec\/ambiente\/wp-json\/wp\/v2\/media?parent=23528"}],"wp:term":[{"taxonomy":"category","embeddable":true,"href":"https:\/\/www.ambienteyenergia.gob.ec\/ambiente\/wp-json\/wp\/v2\/categories?post=23528"},{"taxonomy":"post_tag","embeddable":true,"href":"https:\/\/www.ambienteyenergia.gob.ec\/ambiente\/wp-json\/wp\/v2\/tags?post=23528"}],"curies":[{"name":"wp","href":"https:\/\/api.w.org\/{rel}","templated":true}]}}