{"id":23524,"date":"2014-11-24T12:31:55","date_gmt":"2014-11-24T17:31:55","guid":{"rendered":"http:\/\/www.ambiente.gob.ec\/?p=23524"},"modified":"2014-11-24T14:23:58","modified_gmt":"2014-11-24T19:23:58","slug":"mae-implementa-bicicamillas-en-isla-santay-para-uso-en-emergencias","status":"publish","type":"post","link":"https:\/\/www.ambienteyenergia.gob.ec\/ambiente\/mae-implementa-bicicamillas-en-isla-santay-para-uso-en-emergencias\/","title":{"rendered":"MAE implementa bicicamillas en Isla Santay para uso en emergencias"},"content":{"rendered":"<p style=\"margin-bottom: 0cm; text-align: justify;\"><span lang=\"zxx\">El Ministerio del Ambiente (MAE) realiz\u00f3 la entrega de tres bicicamillas con el objetivo de brindar asistencia inmediata y adecuada a los visitantes del \u00c1reas Nacional de Recreaci\u00f3n Isla Santay e Isla Gallo, en caso de que sucediese alg\u00fan accidente dentro del recorrido de este emblem\u00e1tico ecosistema guayaquile\u00f1o.<\/span><\/p>\n<p style=\"margin-bottom: 0cm; text-align: justify;\">Los guardaparques de estas dos islas, que cuentan con un plan de emergencia y contingencias m\u00e9dicas, han recibido la capacitaci\u00f3n necesaria en temas de primeros auxilios, con el fin de solventar todo tipo de necesidad de los visitantes durante su recorrido de m\u00e1s de 14 kil\u00f3metros.<\/p>\n<p style=\"margin-bottom: 0cm; text-align: justify;\"><span lang=\"zxx\">Las bicicamillas fueron adaptadas para ofrecer el servicio en las \u00e1reas de recreaci\u00f3n. Cada una cuenta con una camilla elaborada en acero y aluminio, con bandas de amarre para la inmovilizaci\u00f3n de los pacientes y conectada a la bicicleta para un adecuado traslado.<\/span><\/p>\n<p style=\"margin-bottom: 0cm; text-align: justify;\">Eli\u00e9cer Cruz, Subsecretario de Gesti\u00f3n Marina y Costera del MAE, explic\u00f3 que estos equipos se ubicar\u00e1n en tres puntos estrat\u00e9gicos para responder a las necesidades que se puedan presentar en los puentes peatonales, senderos y\/o ecoaldea.<\/p>\n<p style=\"margin-bottom: 0cm; text-align: justify;\"><span lang=\"zxx\">Para complementar estas acciones en pro de los visitantes -explic\u00f3 Cruz- los 28 guardaparques y 2 t\u00e9cnicos que conforman el \u00e1rea aprenden te\u00f3rica y pr\u00e1cticamente sobre atenci\u00f3n primaria, asistencia a accidentados, reanimaci\u00f3n cardiopulmonar, entre otros procedimientos indispensables para el efectivo cumplimiento del plan de emergencias.<\/span><\/p>\n<p style=\"margin-bottom: 0cm; text-align: justify;\"><span lang=\"zxx\">Xavier Santill\u00e1n, jefe del \u00e1rea, destac\u00f3 la importancia de contar con personal capacitado y equipos necesarios, pues permite ofrecer una atenci\u00f3n inmediata y oportuna hasta la llegada de los especialistas del ECU 911.<\/span><\/p>\n","protected":false},"excerpt":{"rendered":"<p class=\"excerpt\">El Ministerio del Ambiente (MAE) realiz\u00f3 la entrega de tres bicicamillas con el objetivo de brindar asistencia inmediata y adecuada a los visitantes del \u00c1reas Nacional de Recreaci\u00f3n Isla Santay e Isla Gallo, en caso de que sucediese alg\u00fan accidente dentro del recorrido de este emblem\u00e1tico ecosistema guayaquile\u00f1o. Los guardaparques de estas dos islas, que cuentan con un plan de&hellip; <a href=\"https:\/\/www.ambienteyenergia.gob.ec\/ambiente\/mae-implementa-bicicamillas-en-isla-santay-para-uso-en-emergencias\/\">Read more &rarr;<\/a><\/p>\n","protected":false},"author":13,"featured_media":23525,"comment_status":"open","ping_status":"open","sticky":false,"template":"","format":"standard","meta":{"footnotes":""},"categories":[16,4],"tags":[],"class_list":["post-23524","post","type-post","status-publish","format-standard","has-post-thumbnail","hentry","category-comunicamos","category-noticias","xfolkentry"],"_links":{"self":[{"href":"https:\/\/www.ambienteyenergia.gob.ec\/ambiente\/wp-json\/wp\/v2\/posts\/23524","targetHints":{"allow":["GET"]}}],"collection":[{"href":"https:\/\/www.ambienteyenergia.gob.ec\/ambiente\/wp-json\/wp\/v2\/posts"}],"about":[{"href":"https:\/\/www.ambienteyenergia.gob.ec\/ambiente\/wp-json\/wp\/v2\/types\/post"}],"author":[{"embeddable":true,"href":"https:\/\/www.ambienteyenergia.gob.ec\/ambiente\/wp-json\/wp\/v2\/users\/13"}],"replies":[{"embeddable":true,"href":"https:\/\/www.ambienteyenergia.gob.ec\/ambiente\/wp-json\/wp\/v2\/comments?post=23524"}],"version-history":[{"count":0,"href":"https:\/\/www.ambienteyenergia.gob.ec\/ambiente\/wp-json\/wp\/v2\/posts\/23524\/revisions"}],"wp:featuredmedia":[{"embeddable":true,"href":"https:\/\/www.ambienteyenergia.gob.ec\/ambiente\/wp-json\/wp\/v2\/media\/23525"}],"wp:attachment":[{"href":"https:\/\/www.ambienteyenergia.gob.ec\/ambiente\/wp-json\/wp\/v2\/media?parent=23524"}],"wp:term":[{"taxonomy":"category","embeddable":true,"href":"https:\/\/www.ambienteyenergia.gob.ec\/ambiente\/wp-json\/wp\/v2\/categories?post=23524"},{"taxonomy":"post_tag","embeddable":true,"href":"https:\/\/www.ambienteyenergia.gob.ec\/ambiente\/wp-json\/wp\/v2\/tags?post=23524"}],"curies":[{"name":"wp","href":"https:\/\/api.w.org\/{rel}","templated":true}]}}