{"id":23522,"date":"2014-11-24T12:22:32","date_gmt":"2014-11-24T17:22:32","guid":{"rendered":"http:\/\/www.ambiente.gob.ec\/?p=23522"},"modified":"2014-11-24T12:43:25","modified_gmt":"2014-11-24T17:43:25","slug":"ministra-lorena-tapia-presenta-experiencia-de-ecuador-frente-al-cambio-climatico-ante-mercosur","status":"publish","type":"post","link":"https:\/\/www.ambienteyenergia.gob.ec\/ambiente\/ministra-lorena-tapia-presenta-experiencia-de-ecuador-frente-al-cambio-climatico-ante-mercosur\/","title":{"rendered":"Ministra Lorena Tapia presenta experiencia de Ecuador frente al cambio clim\u00e1tico ante MERCOSUR"},"content":{"rendered":"<p style=\"margin-bottom: 0cm; text-align: justify;\" align=\"JUSTIFY\">La Ministra del Ambiente Lorena Tapia particip\u00f3 en la XIX Reuni\u00f3n de Ministros de Medio Ambiente del Mercosur y Estados asociados, llevado a cabo el 21 de noviembre en Buenos Aires, Argentina.<\/p>\n<p style=\"margin-bottom: 0cm; text-align: justify;\" align=\"JUSTIFY\">El encuentro interministerial se realiz\u00f3 con el fin de profundizar el intercambio de experiencias sobre pol\u00edticas p\u00fablicas en respuesta a los desaf\u00edos del cambio clim\u00e1tico por parte de los gobiernos de la regi\u00f3n.<\/p>\n<p style=\"margin-bottom: 0cm; text-align: justify;\" align=\"JUSTIFY\">En el marco de Desayunos del Clima, la Ministra Lorena Tapia present\u00f3 la experiencia del Ecuador en la lucha frente al cambio clim\u00e1tico desde la planificaci\u00f3n territorial. \u201cConsiderando el car\u00e1cter transversal y multidisciplinario de la materia, es fundamental adoptar pol\u00edticas innovadoras que permitan responder al cambio clim\u00e1tico desde cada sector de acuerdo a su vulnerabilidad\u201d, destac\u00f3 la m\u00e1xima Autoridad Ambiental.<\/p>\n<p style=\"margin-bottom: 0cm; text-align: justify;\" align=\"JUSTIFY\">En ese sentido, se\u00f1al\u00f3, adem\u00e1s que el Ecuador impulsa la institucionalizaci\u00f3n de la acci\u00f3n contra los efectos del cambio clim\u00e1tico, en referencia al aporte del Ministerio del Ambiente al desarrollo sostenible de las comunidades asentadas en los territorios de los Gobiernos Aut\u00f3nomos Descentralizados (GAD).<\/p>\n<p style=\"margin-bottom: 0cm; text-align: justify;\" align=\"JUSTIFY\">\u201cLa forma en que cada gobierno local se prepara para enfrentar el cambio clim\u00e1tico var\u00eda de acuerdo al \u00e1mbito de competencia de cada nivel administrativo, al tipo de amenazas clim\u00e1ticas que enfrenta el territorio, de las vulnerabilidades de sus sistemas humanos y naturales, y de las prioridades del desarrollo local\u201d, se\u00f1al\u00f3 la Ministra Tapia.<\/p>\n<p style=\"margin-bottom: 0cm; text-align: justify;\" align=\"JUSTIFY\">Indic\u00f3 tambi\u00e9n que frente a esta realidad, el MAE expidi\u00f3 el Acuerdo Ministerial N\u00b0 137 mediante el cual se establecen &#8216;Lineamientos Generales para la Preparaci\u00f3n de Planes, Programas y Estrategias de Cambio Clim\u00e1tico de los Gobiernos Aut\u00f3nomos Descentralizados&#8217;.<\/p>\n<p style=\"margin-bottom: 0cm; text-align: justify;\" align=\"JUSTIFY\">Adicionalmente, la Ministra comparti\u00f3 la experiencia del Ecuador tras la publicaci\u00f3n de la Gu\u00eda Explicativa, un instrumento pr\u00e1ctico para hacer operativa la inclusi\u00f3n de la variable clim\u00e1tica en la planificaci\u00f3n territorial de cada nivel administrativo.<\/p>\n<p style=\"margin-bottom: 0cm; text-align: justify;\" align=\"JUSTIFY\">Estas herramientas posibilitan un real empoderamiento de los gobiernos locales en la acci\u00f3n frente al cambio clim\u00e1tico. La Ministra Tapia explic\u00f3 que los pasos propuestos en la Gu\u00eda Explicativa fueron formulados de manera que sean integrados en los pasos de la planificaci\u00f3n territorial contemplados en el Plan de Desarrollo y Ordenamiento Territorial (PDyOT) de cada gobierno local.<\/p>\n<p style=\"margin-bottom: 0cm; text-align: justify;\" align=\"JUSTIFY\">Las experiencia del Ecuador refleja un esfuerzo significativo, donde se ha trabajando progresivamente con el fortalecimiento de su marco legal para fomentar la adopci\u00f3n de medidas transversales para mitigar el cambio clim\u00e1tico clim\u00e1tico y proteger a la poblaci\u00f3n en riesgo mejorando su capacidad de adaptaci\u00f3n.<\/p>\n","protected":false},"excerpt":{"rendered":"<p class=\"excerpt\">La Ministra del Ambiente Lorena Tapia particip\u00f3 en la XIX Reuni\u00f3n de Ministros de Medio Ambiente del Mercosur y Estados asociados, llevado a cabo el 21 de noviembre en Buenos Aires, Argentina. El encuentro interministerial se realiz\u00f3 con el fin de profundizar el intercambio de experiencias sobre pol\u00edticas p\u00fablicas en respuesta a los desaf\u00edos del cambio clim\u00e1tico por parte de&hellip; <a href=\"https:\/\/www.ambienteyenergia.gob.ec\/ambiente\/ministra-lorena-tapia-presenta-experiencia-de-ecuador-frente-al-cambio-climatico-ante-mercosur\/\">Read more &rarr;<\/a><\/p>\n","protected":false},"author":13,"featured_media":23214,"comment_status":"open","ping_status":"open","sticky":false,"template":"","format":"standard","meta":{"footnotes":""},"categories":[16,4,1],"tags":[133,108,53,574],"class_list":["post-23522","post","type-post","status-publish","format-standard","has-post-thumbnail","hentry","category-comunicamos","category-noticias","category-sin-categoria","tag-cambio-climatico","tag-lorena-tapia","tag-mae","tag-mercosur","xfolkentry"],"_links":{"self":[{"href":"https:\/\/www.ambienteyenergia.gob.ec\/ambiente\/wp-json\/wp\/v2\/posts\/23522","targetHints":{"allow":["GET"]}}],"collection":[{"href":"https:\/\/www.ambienteyenergia.gob.ec\/ambiente\/wp-json\/wp\/v2\/posts"}],"about":[{"href":"https:\/\/www.ambienteyenergia.gob.ec\/ambiente\/wp-json\/wp\/v2\/types\/post"}],"author":[{"embeddable":true,"href":"https:\/\/www.ambienteyenergia.gob.ec\/ambiente\/wp-json\/wp\/v2\/users\/13"}],"replies":[{"embeddable":true,"href":"https:\/\/www.ambienteyenergia.gob.ec\/ambiente\/wp-json\/wp\/v2\/comments?post=23522"}],"version-history":[{"count":0,"href":"https:\/\/www.ambienteyenergia.gob.ec\/ambiente\/wp-json\/wp\/v2\/posts\/23522\/revisions"}],"wp:featuredmedia":[{"embeddable":true,"href":"https:\/\/www.ambienteyenergia.gob.ec\/ambiente\/wp-json\/wp\/v2\/media\/23214"}],"wp:attachment":[{"href":"https:\/\/www.ambienteyenergia.gob.ec\/ambiente\/wp-json\/wp\/v2\/media?parent=23522"}],"wp:term":[{"taxonomy":"category","embeddable":true,"href":"https:\/\/www.ambienteyenergia.gob.ec\/ambiente\/wp-json\/wp\/v2\/categories?post=23522"},{"taxonomy":"post_tag","embeddable":true,"href":"https:\/\/www.ambienteyenergia.gob.ec\/ambiente\/wp-json\/wp\/v2\/tags?post=23522"}],"curies":[{"name":"wp","href":"https:\/\/api.w.org\/{rel}","templated":true}]}}