{"id":23512,"date":"2014-11-21T17:57:49","date_gmt":"2014-11-21T22:57:49","guid":{"rendered":"http:\/\/www.ambiente.gob.ec\/?p=23512"},"modified":"2014-11-24T12:14:15","modified_gmt":"2014-11-24T17:14:15","slug":"el-ministerio-del-ambiente-plantara-15-000-arboles-en-el-cerro-de-catequilla","status":"publish","type":"post","link":"https:\/\/www.ambienteyenergia.gob.ec\/ambiente\/el-ministerio-del-ambiente-plantara-15-000-arboles-en-el-cerro-de-catequilla\/","title":{"rendered":"Ministerio de Ambiente plantar\u00e1 15 000 \u00e1rboles en el Cerro Catequilla"},"content":{"rendered":"<p style=\"text-align: justify;\">El Ministerio de Ambiente del Ecuador (MAE) a trav\u00e9s del Proyecto de Restauraci\u00f3n Forestal, inici\u00f3 una jornada de reforestaci\u00f3n en el Cerro de Catequilla, ubicado en la Parroquia San Antonio de Pichincha, con el fin de recuperar el ecosistema del lugar.<\/p>\n<p style=\"text-align: justify;\">Para llevar a cabo dicho trabajo llegaron delegados de 14 Direcciones Provinciales del MAE, en su mayor\u00eda guardaparques de la \u00c1reas Protegidas de las provincias de Carchi, Chimborazo, Cotopaxi, El Oro, Esmeraldas, Guayas, Imbabura, Manab\u00ed, Napo, Orellana, Pichincha, Loja, Sucumbios y Tungurahua; en total suman 195 voluntarios encargados de realizar 15 000 hoyos destinados a sembrar plantas nativas como yalom\u00e1n, chol\u00e1n, algarrobo, entre otros.<\/p>\n<p style=\"text-align: justify;\">Adem\u00e1s, se restaurar\u00e1 el suelo del cerro Catequilla, ya que presenta una degradaci\u00f3n considerable que impide el crecimiento normal de la vegetaci\u00f3n. Debido a la falta de humedad en su tierra se realiza hoyos m\u00e1s profundos, de 60 metros, se coloca materia org\u00e1nica y adem\u00e1s se incorporar\u00e1 hidrogel, lo cual ayudar\u00e1 a hidratar la planta durante 6 meses. Adem\u00e1s, se ha implementado un sistema para transportar el agua y hacer un riego sistem\u00e1tico en el lugar.<\/p>\n<p style=\"text-align: justify;\">Esta actividad es parte de los proyectos de educaci\u00f3n ambiental, trabajo comunitario y actividades de vinculaci\u00f3n social que efect\u00faa el MAE, con la finalidad de que la poblaci\u00f3n se siga haciendo responsable en la protecci\u00f3n de los recursos naturales. \u201cHemos tenido una gran acogida con las comunidades porque ellos son los encargados ahora de reforestar, ellos est\u00e1n recolectando la semilla, luego hacen sus propios viveros y sembrando en sus propias tierras\u201d dijo Cumand\u00e1 Vallejo, especialista en restauraci\u00f3n forestal.<\/p>\n<p style=\"text-align: justify;\">La pr\u00f3xima semana se iniciar\u00e1 con la siembra de las 15 000 plantas nativas y el 5 de diciembre se tiene previsto la inauguraci\u00f3n oficial de la reforestaci\u00f3n en el Cerro de Catequilla.<\/p>\n<p style=\"text-align: justify;\"><strong>El Dato:<\/strong><\/p>\n<p style=\"text-align: justify;\">El Proyecto de Restauraci\u00f3n Forestal pretende reforestar 500.000 hect\u00e1reas en todo el pa\u00eds hasta el 2017; solo en este a\u00f1o el Ministerio del Ambiente ya ha reforestado un total de 100 000 hect\u00e1reas,<\/p>\n","protected":false},"excerpt":{"rendered":"<p class=\"excerpt\">El Ministerio de Ambiente del Ecuador (MAE) a trav\u00e9s del Proyecto de Restauraci\u00f3n Forestal, inici\u00f3 una jornada de reforestaci\u00f3n en el Cerro de Catequilla, ubicado en la Parroquia San Antonio de Pichincha, con el fin de recuperar el ecosistema del lugar. Para llevar a cabo dicho trabajo llegaron delegados de 14 Direcciones Provinciales del MAE, en su mayor\u00eda guardaparques de&hellip; <a href=\"https:\/\/www.ambienteyenergia.gob.ec\/ambiente\/el-ministerio-del-ambiente-plantara-15-000-arboles-en-el-cerro-de-catequilla\/\">Read more &rarr;<\/a><\/p>\n","protected":false},"author":13,"featured_media":23513,"comment_status":"open","ping_status":"open","sticky":false,"template":"","format":"standard","meta":{"footnotes":""},"categories":[16,4],"tags":[],"class_list":["post-23512","post","type-post","status-publish","format-standard","has-post-thumbnail","hentry","category-comunicamos","category-noticias","xfolkentry"],"_links":{"self":[{"href":"https:\/\/www.ambienteyenergia.gob.ec\/ambiente\/wp-json\/wp\/v2\/posts\/23512","targetHints":{"allow":["GET"]}}],"collection":[{"href":"https:\/\/www.ambienteyenergia.gob.ec\/ambiente\/wp-json\/wp\/v2\/posts"}],"about":[{"href":"https:\/\/www.ambienteyenergia.gob.ec\/ambiente\/wp-json\/wp\/v2\/types\/post"}],"author":[{"embeddable":true,"href":"https:\/\/www.ambienteyenergia.gob.ec\/ambiente\/wp-json\/wp\/v2\/users\/13"}],"replies":[{"embeddable":true,"href":"https:\/\/www.ambienteyenergia.gob.ec\/ambiente\/wp-json\/wp\/v2\/comments?post=23512"}],"version-history":[{"count":0,"href":"https:\/\/www.ambienteyenergia.gob.ec\/ambiente\/wp-json\/wp\/v2\/posts\/23512\/revisions"}],"wp:featuredmedia":[{"embeddable":true,"href":"https:\/\/www.ambienteyenergia.gob.ec\/ambiente\/wp-json\/wp\/v2\/media\/23513"}],"wp:attachment":[{"href":"https:\/\/www.ambienteyenergia.gob.ec\/ambiente\/wp-json\/wp\/v2\/media?parent=23512"}],"wp:term":[{"taxonomy":"category","embeddable":true,"href":"https:\/\/www.ambienteyenergia.gob.ec\/ambiente\/wp-json\/wp\/v2\/categories?post=23512"},{"taxonomy":"post_tag","embeddable":true,"href":"https:\/\/www.ambienteyenergia.gob.ec\/ambiente\/wp-json\/wp\/v2\/tags?post=23512"}],"curies":[{"name":"wp","href":"https:\/\/api.w.org\/{rel}","templated":true}]}}