{"id":23509,"date":"2014-11-22T18:36:54","date_gmt":"2014-11-22T23:36:54","guid":{"rendered":"http:\/\/www.ambiente.gob.ec\/?p=23509"},"modified":"2014-11-24T11:53:45","modified_gmt":"2014-11-24T16:53:45","slug":"ministra-lorena-tapia-sera-jefa-de-la-delegacion-ecuatoriana-para-cop20de-cambio-climatico-en-lima","status":"publish","type":"post","link":"https:\/\/www.ambienteyenergia.gob.ec\/ambiente\/ministra-lorena-tapia-sera-jefa-de-la-delegacion-ecuatoriana-para-cop20de-cambio-climatico-en-lima\/","title":{"rendered":"Ministra Lorena Tapia ser\u00e1 jefa de la delegaci\u00f3n ecuatoriana para COP20 de Cambio Clim\u00e1tico en Lima"},"content":{"rendered":"<p style=\"margin-bottom: 0cm; text-align: justify;\">La Ministra de Ambiente del Ecuador, Lorena Tapia, ser\u00e1 la jefa de la delegaci\u00f3n ecuatoriana que viajar\u00e1 a Lima para participar en la Conferencia de las Partes de la Convenci\u00f3n Marco de Naciones Unidas sobre Cambio Clim\u00e1tico \u2013 COP20 y presentar la postura nacional sobre la lucha contra el cambio clim\u00e1tico. La Secretaria de Estado estar\u00e1 acompa\u00f1ada de personal t\u00e9cnico de apoyo de la Subsecretar\u00eda de Cambio Clim\u00e1tico de esta Cartera de Estado y funcionarios de la Canciller\u00eda.<\/p>\n<p style=\"margin-bottom: 0cm; text-align: justify;\">La Convenci\u00f3n de Cambio Clim\u00e1tico que se realizar\u00e1 del 1 al 12 de diciembre comparte un objetivo com\u00fan, definiendo compromisos en su texto y tomando decisiones que son el resultado de acuerdos durante m\u00e1s de veinte a\u00f1os.<\/p>\n<p style=\"margin-bottom: 0cm; text-align: justify;\">La Ministra Lorena Tapia y el Subsecretario de Cambio Clim\u00e1tico, Andr\u00e9s Hubenthal, intervendr\u00e1n en el segmento de Alto Nivel junto a delegados del Ministerio del Ambiente, el Ministerio de Relaciones Exteriores y Movilidad Humana y otras instituciones gubernamentales que formar\u00e1n parte de las negociaciones relacionadas con el ADP (Plataforma de Durban, que discute un nuevo acuerdo clim\u00e1tico para 2015), Financiamiento Clim\u00e1tico y Reducci\u00f3n de Emisiones por Deforestaci\u00f3n y Degradaci\u00f3n de Bosques -REDD+. Adicionalmente asistir\u00e1n a varios eventos paralelos convocados dentro del marco de la COP20.<\/p>\n<p style=\"margin-bottom: 0cm; text-align: justify;\">A lo largo del a\u00f1o 2014, el MAE particip\u00f3 de reuniones de preparaci\u00f3n organizados por el Gobierno de Per\u00fa, por la Secretar\u00eda de la Convenci\u00f3n y por filiales de Naciones Unidas para fomentar el di\u00e1logo entre representantes gubernamentales y otros actores con los que se espera lograr acuerdos para el \u00e9xito de la Vig\u00e9sima Conferencia de las Partes (COP, por sus siglas en ingl\u00e9s). Asimismo, se organizaron eventos a nivel nacional con varios grupos de discusi\u00f3n para preparar la postura Nacional ante la Convenci\u00f3n Marco de las Naciones Unidas sobre el Cambio Clim\u00e1tico (CMNUCC).<\/p>\n<p style=\"margin-bottom: 0cm; text-align: justify;\">\u201cEl compromiso del Ecuador en materia de cambio clim\u00e1tico responde a las pol\u00edticas p\u00fablicas implementadas por el Gobierno Nacional, tendientes a promover mecanismos de adaptaci\u00f3n al cambio clim\u00e1tico y acciones concretas para la mitigaci\u00f3n del mismo y que son coherentes con el Cambio de la Matriz Energ\u00e9tica\u201d, recalca la Ministra, Lorena Tapia. En relaci\u00f3n con este tema, la Organizaci\u00f3n de las Naciones Unidas (ONU) hace varias semanas felicit\u00f3 a Ecuador por las pol\u00edticas energ\u00e9ticas implementadas y por establecer proyectos globales que promueven la eficiencia, el desarrollo y el uso de pr\u00e1cticas y tecnolog\u00edas ambientalmente limpias.<\/p>\n<p style=\"margin-bottom: 0cm; text-align: justify;\"><strong>Sobre Estrategia Nacional de Cambio Clim\u00e1tico<\/strong><\/p>\n<p style=\"margin-bottom: 0cm; text-align: justify;\">En 2012, Ecuador present\u00f3 la Estrategia Nacional de Cambio Clim\u00e1tico 2012-2025 (ENCC), y durante el segundo semestre del per\u00edodo 2013, la Subsecretar\u00eda de Cambio Clim\u00e1tico inici\u00f3 el proceso de elaboraci\u00f3n de su Plan de Acci\u00f3n. Esta herramienta fundamental para la gesti\u00f3n eficiente y coordinada del cambio clim\u00e1tico en el pa\u00eds, naci\u00f3 como una nueva visi\u00f3n integral y con enfoque sectorial. El desarrollo del Plan Nacional de Cambio Clim\u00e1tico (PNCC) constituye un importante logro en la gesti\u00f3n del Ministerio del Ambiente de Ecuador (MAE) en el \u00faltimo a\u00f1o y ha significado un nutrido proceso participativo en conjunto con otras instituciones del Estado y expertos en el tema.<\/p>\n<p style=\"margin-bottom: 0cm; text-align: justify;\"><strong>\u00bfQu\u00e9 es la COP?<\/strong><\/p>\n<p style=\"margin-bottom: 0cm; text-align: justify;\">La Convenci\u00f3n Marco de las Naciones Unidas sobre el Cambio Clim\u00e1tico (CMNUCC o UNFCCC por sus siglas en ingl\u00e9s) entr\u00f3 en vigor en 1994,con el objetivo de reducir las concentraciones de gases de efecto invernadero (GEI) en la atm\u00f3sfera. La Conferencia de las Partes (COP) es una reuni\u00f3n de todos los pa\u00edses que han ratificado la Convenci\u00f3n y fue designada como el \u00f3rgano supremo de la misma.<\/p>\n<p style=\"margin-bottom: 0cm; text-align: justify;\">A la fecha, 195 pa\u00edses han presentado sus instrumentos de rati\ufb01caci\u00f3n. Estos se re\u00fanen varias veces al a\u00f1o, para examinar la aplicaci\u00f3n de la Convenci\u00f3n y desarrollar el proceso de negociaci\u00f3n entre las Partes ante nuevos compromisos. La COP es la \u00faltima reuni\u00f3n de cada a\u00f1o en la que se toman decisiones que finalizan el trabajo anual y ofrecen lineamientos ante el futuro.<\/p>\n<p style=\"margin-bottom: 0cm; text-align: justify;\">En virtud de la Convenci\u00f3n, todas las Partes tienen responsabilidades comunes, aunque diferenciadas. Adem\u00e1s, toman en consideraci\u00f3n el car\u00e1cter espec\u00edfico de sus prioridades nacionales y regionales de desarrollo, de sus objetivos y circunstancias.<\/p>\n","protected":false},"excerpt":{"rendered":"<p class=\"excerpt\">La Ministra de Ambiente del Ecuador, Lorena Tapia, ser\u00e1 la jefa de la delegaci\u00f3n ecuatoriana que viajar\u00e1 a Lima para participar en la Conferencia de las Partes de la Convenci\u00f3n Marco de Naciones Unidas sobre Cambio Clim\u00e1tico \u2013 COP20 y presentar la postura nacional sobre la lucha contra el cambio clim\u00e1tico. La Secretaria de Estado estar\u00e1 acompa\u00f1ada de personal t\u00e9cnico&hellip; <a href=\"https:\/\/www.ambienteyenergia.gob.ec\/ambiente\/ministra-lorena-tapia-sera-jefa-de-la-delegacion-ecuatoriana-para-cop20de-cambio-climatico-en-lima\/\">Read more &rarr;<\/a><\/p>\n","protected":false},"author":13,"featured_media":23510,"comment_status":"open","ping_status":"open","sticky":false,"template":"","format":"standard","meta":{"footnotes":""},"categories":[16,4],"tags":[573,387],"class_list":["post-23509","post","type-post","status-publish","format-standard","has-post-thumbnail","hentry","category-comunicamos","category-noticias","tag-cop20","tag-mae-lorena-tapia","xfolkentry"],"_links":{"self":[{"href":"https:\/\/www.ambienteyenergia.gob.ec\/ambiente\/wp-json\/wp\/v2\/posts\/23509","targetHints":{"allow":["GET"]}}],"collection":[{"href":"https:\/\/www.ambienteyenergia.gob.ec\/ambiente\/wp-json\/wp\/v2\/posts"}],"about":[{"href":"https:\/\/www.ambienteyenergia.gob.ec\/ambiente\/wp-json\/wp\/v2\/types\/post"}],"author":[{"embeddable":true,"href":"https:\/\/www.ambienteyenergia.gob.ec\/ambiente\/wp-json\/wp\/v2\/users\/13"}],"replies":[{"embeddable":true,"href":"https:\/\/www.ambienteyenergia.gob.ec\/ambiente\/wp-json\/wp\/v2\/comments?post=23509"}],"version-history":[{"count":0,"href":"https:\/\/www.ambienteyenergia.gob.ec\/ambiente\/wp-json\/wp\/v2\/posts\/23509\/revisions"}],"wp:featuredmedia":[{"embeddable":true,"href":"https:\/\/www.ambienteyenergia.gob.ec\/ambiente\/wp-json\/wp\/v2\/media\/23510"}],"wp:attachment":[{"href":"https:\/\/www.ambienteyenergia.gob.ec\/ambiente\/wp-json\/wp\/v2\/media?parent=23509"}],"wp:term":[{"taxonomy":"category","embeddable":true,"href":"https:\/\/www.ambienteyenergia.gob.ec\/ambiente\/wp-json\/wp\/v2\/categories?post=23509"},{"taxonomy":"post_tag","embeddable":true,"href":"https:\/\/www.ambienteyenergia.gob.ec\/ambiente\/wp-json\/wp\/v2\/tags?post=23509"}],"curies":[{"name":"wp","href":"https:\/\/api.w.org\/{rel}","templated":true}]}}