{"id":23507,"date":"2014-11-21T21:46:13","date_gmt":"2014-11-22T02:46:13","guid":{"rendered":"http:\/\/www.ambiente.gob.ec\/?p=23507"},"modified":"2014-11-21T21:49:15","modified_gmt":"2014-11-22T02:49:15","slug":"mae-promueve-la-primera-politica-de-consumo-responsable-de-fundas-plasticas-tipo-camiseta","status":"publish","type":"post","link":"https:\/\/www.ambienteyenergia.gob.ec\/ambiente\/mae-promueve-la-primera-politica-de-consumo-responsable-de-fundas-plasticas-tipo-camiseta\/","title":{"rendered":"MAE promueve la Primera Pol\u00edtica de Consumo Responsable de Fundas Pl\u00e1sticas tipo camiseta"},"content":{"rendered":"<p style=\"text-align: justify;\">Un estudio auspiciado por el Ministerio del Ambiente (MAE), a trav\u00e9s del Programa Nacional de Gesti\u00f3n Integral de Desechos S\u00f3lidos (PNGIDS) identific\u00f3 que m\u00e1s de 1.500 millones de fundas pl\u00e1sticas tipo camiseta se usan anualmente en el Ecuador, este y otros datos t\u00e9cnicos y ambientales, han sido \u00fatiles para el dise\u00f1o del Acuerdo Ministerial 080, que trata sobre el consumo responsable de fundas pl\u00e1sticas. La publicaci\u00f3n de este Acuerdo Ministerial en el Registro Oficial se encuentra en proceso.<\/p>\n<p style=\"text-align: justify;\">En Ecuador\u00a0cada persona consume aproximadamente 130 fundas tipo camiseta en un a\u00f1o, o 1.500 millones de fundas tipo camiseta, que se usan para almacenar las compras. El excesivo consumo de estos materiales y su inadecuada disposici\u00f3n final, traen consigo preocupantes efectos en el ambiente. Seg\u00fan datos del Programa de las Naciones Unidas para el Medio Ambiente (PNUMA), en cada kil\u00f3metro cuadrado de oc\u00e9ano se encuentran aproximadamente 46.000 fundas pl\u00e1sticas.<\/p>\n<p style=\"text-align: justify;\">Para cambiar esta realidad, el MAE\u00a0ha desarrollado diversas acciones con el fin de contar con una estrategia aplicable que reduzca de manera efectiva el consumo excesivo de las fundas pl\u00e1sticas para transporte final de productos, que se entregan de forma gratuita en los comercios del pa\u00eds. De esta manera se ha planteado establecer la Primera Pol\u00edtica de Consumo Responsable de fundas pl\u00e1sticas, que se aplicar\u00eda en primera instancia con las cadenas de supermercados m\u00e1s grandes del pa\u00eds, con los cuales ya se han llevado a cabo varias reuniones de socializaci\u00f3n.<\/p>\n<p style=\"text-align: justify;\">Para la aplicaci\u00f3n de esta medida se analiz\u00f3 la capacidad de producci\u00f3n nacional de fundas reutilizables, as\u00ed como estudios cualitativos y cuantitativos a la poblaci\u00f3n que concluyen en la existencia de un 78% de aceptaci\u00f3n a la medida.<\/p>\n<p style=\"text-align: justify;\">La cadena de supermercados TIA, por ejemplo, se ha sumando ya a esta iniciativa, interviniendo en fuertes procesos de difusi\u00f3n y comunicaci\u00f3n a sus clientes a lo largo de este a\u00f1o. Al momento, se est\u00e1 trabajando con los comercios locales de Gal\u00e1pagos para replicar la pol\u00edtica de consumo responsable que se trabaja en continente.<\/p>\n<p style=\"text-align: justify;\"><strong>Cifras importantes:<\/strong><\/p>\n<table>\n<tbody>\n<tr>\n<td colspan=\"2\" width=\"382\"><strong>CONSUMO NACIONAL DE FUNDAS PL\u00c1STICAS TIPO CAMISETA<\/strong><\/td>\n<\/tr>\n<tr>\n<td width=\"289\">Consumo per c\u00e1pita anual<\/td>\n<td width=\"94\">253 unidades<\/td>\n<\/tr>\n<tr>\n<td width=\"289\">Consumo nacional de fundas de todo tipo<\/td>\n<td width=\"94\">3.657 millones<\/td>\n<\/tr>\n<tr>\n<td width=\"289\">Consumo Gal\u00e1pagos anual<\/td>\n<td width=\"94\">4.5 millones<\/td>\n<\/tr>\n<tr>\n<td colspan=\"2\" width=\"382\">Principales distribuidores de fundas pl\u00e1sticas<\/td>\n<\/tr>\n<tr>\n<td width=\"289\">Supermercados e hipermercados<\/td>\n<td width=\"94\">8%<\/td>\n<\/tr>\n<tr>\n<td width=\"289\">Vendedores ambulantes, panader\u00edas y quioscos<\/td>\n<td width=\"94\">14%<\/td>\n<\/tr>\n<tr>\n<td width=\"289\">Mercados y ferias libres<\/td>\n<td width=\"94\">30%<\/td>\n<\/tr>\n<tr>\n<td width=\"289\">Tiendas de barrio, bodegas y distribuidores<\/td>\n<td width=\"94\">48%<\/td>\n<\/tr>\n<\/tbody>\n<\/table>\n<p style=\"text-align: justify;\">\n","protected":false},"excerpt":{"rendered":"<p class=\"excerpt\">Un estudio auspiciado por el Ministerio del Ambiente (MAE), a trav\u00e9s del Programa Nacional de Gesti\u00f3n Integral de Desechos S\u00f3lidos (PNGIDS) identific\u00f3 que m\u00e1s de 1.500 millones de fundas pl\u00e1sticas tipo camiseta se usan anualmente en el Ecuador, este y otros datos t\u00e9cnicos y ambientales, han sido \u00fatiles para el dise\u00f1o del Acuerdo Ministerial 080, que trata sobre el consumo&hellip; <a href=\"https:\/\/www.ambienteyenergia.gob.ec\/ambiente\/mae-promueve-la-primera-politica-de-consumo-responsable-de-fundas-plasticas-tipo-camiseta\/\">Read more &rarr;<\/a><\/p>\n","protected":false},"author":13,"featured_media":22312,"comment_status":"open","ping_status":"open","sticky":false,"template":"","format":"standard","meta":{"footnotes":""},"categories":[16,4],"tags":[92,108,387],"class_list":["post-23507","post","type-post","status-publish","format-standard","has-post-thumbnail","hentry","category-comunicamos","category-noticias","tag-desechos-solidos","tag-lorena-tapia","tag-mae-lorena-tapia","xfolkentry"],"_links":{"self":[{"href":"https:\/\/www.ambienteyenergia.gob.ec\/ambiente\/wp-json\/wp\/v2\/posts\/23507","targetHints":{"allow":["GET"]}}],"collection":[{"href":"https:\/\/www.ambienteyenergia.gob.ec\/ambiente\/wp-json\/wp\/v2\/posts"}],"about":[{"href":"https:\/\/www.ambienteyenergia.gob.ec\/ambiente\/wp-json\/wp\/v2\/types\/post"}],"author":[{"embeddable":true,"href":"https:\/\/www.ambienteyenergia.gob.ec\/ambiente\/wp-json\/wp\/v2\/users\/13"}],"replies":[{"embeddable":true,"href":"https:\/\/www.ambienteyenergia.gob.ec\/ambiente\/wp-json\/wp\/v2\/comments?post=23507"}],"version-history":[{"count":0,"href":"https:\/\/www.ambienteyenergia.gob.ec\/ambiente\/wp-json\/wp\/v2\/posts\/23507\/revisions"}],"wp:featuredmedia":[{"embeddable":true,"href":"https:\/\/www.ambienteyenergia.gob.ec\/ambiente\/wp-json\/wp\/v2\/media\/22312"}],"wp:attachment":[{"href":"https:\/\/www.ambienteyenergia.gob.ec\/ambiente\/wp-json\/wp\/v2\/media?parent=23507"}],"wp:term":[{"taxonomy":"category","embeddable":true,"href":"https:\/\/www.ambienteyenergia.gob.ec\/ambiente\/wp-json\/wp\/v2\/categories?post=23507"},{"taxonomy":"post_tag","embeddable":true,"href":"https:\/\/www.ambienteyenergia.gob.ec\/ambiente\/wp-json\/wp\/v2\/tags?post=23507"}],"curies":[{"name":"wp","href":"https:\/\/api.w.org\/{rel}","templated":true}]}}