{"id":23504,"date":"2014-11-21T16:52:14","date_gmt":"2014-11-21T21:52:14","guid":{"rendered":"http:\/\/www.ambiente.gob.ec\/?p=23504"},"modified":"2014-11-21T16:52:14","modified_gmt":"2014-11-21T21:52:14","slug":"mae-inicia-campana-no-arranques-la-piel-de-los-bosques-en-chimborazo","status":"publish","type":"post","link":"https:\/\/www.ambienteyenergia.gob.ec\/ambiente\/mae-inicia-campana-no-arranques-la-piel-de-los-bosques-en-chimborazo\/","title":{"rendered":"MAE inicia campa\u00f1a \u00a1No arranques la piel de los bosques! en Chimborazo"},"content":{"rendered":"<p style=\"text-align: justify;\">\u00a1No arranques la piel de los bosques! Es una iniciativa desarrollada por el Ministerio del Ambiente del Ecuador (MAE) que busca concienciar a la poblaci\u00f3n sobre el uso de materiales alternativos en \u00e9poca navide\u00f1a y evitar el uso de musgo y otras especies no maderables que se extraen de los bosques nativos del pa\u00eds.<\/p>\n<p style=\"text-align: justify;\">Por tal motivo que la Direcci\u00f3n Provincial del Ambiente de Chimborazo realiz\u00f3 varios operativos de control en carreteras de la provincia, as\u00ed como tambi\u00e9n en mercados, ferias y lugares de expendio y venta potencial de estos elementos de vida silvestre.<\/p>\n<p style=\"text-align: justify;\">Personal de la Unidad de Patrimonio Natural en un trabajo coordinado con la Unidad de Protecci\u00f3n del Medio Ambiente (UPMA) de la Polic\u00eda Nacional realizaron la socializaci\u00f3n de la Ley Forestal y de Vida Silvestre, en los mercados La Merced, Contamine, Santa Rosa y San Alfonso, de Riobamba.<\/p>\n<p style=\"text-align: justify;\">A su vez se desarrollaron diferentes charlas en centros educativos con el objetivo de concienciar a los estudiantes sobre la importancia del musgo como agentes para evitar la erosi\u00f3n del suelo y su funci\u00f3n como colectores de lluvia, pues poseen una enorme capacidad de retenci\u00f3n de agua, ayudando a mantener la humedad de los bosques.<\/p>\n<p style=\"text-align: justify;\">Estas acciones implementadas por esta Cartera de Estado buscan promover la utilizaci\u00f3n de materiales alternativos como cart\u00f3n, piedras, aserr\u00edn pintado, papel, tela, yute, costales, entre otros.<\/p>\n<p style=\"text-align: justify;\">\n","protected":false},"excerpt":{"rendered":"<p class=\"excerpt\">\u00a1No arranques la piel de los bosques! Es una iniciativa desarrollada por el Ministerio del Ambiente del Ecuador (MAE) que busca concienciar a la poblaci\u00f3n sobre el uso de materiales alternativos en \u00e9poca navide\u00f1a y evitar el uso de musgo y otras especies no maderables que se extraen de los bosques nativos del pa\u00eds. Por tal motivo que la Direcci\u00f3n&hellip; <a href=\"https:\/\/www.ambienteyenergia.gob.ec\/ambiente\/mae-inicia-campana-no-arranques-la-piel-de-los-bosques-en-chimborazo\/\">Read more &rarr;<\/a><\/p>\n","protected":false},"author":13,"featured_media":23505,"comment_status":"open","ping_status":"open","sticky":false,"template":"","format":"standard","meta":{"footnotes":""},"categories":[16,4],"tags":[],"class_list":["post-23504","post","type-post","status-publish","format-standard","has-post-thumbnail","hentry","category-comunicamos","category-noticias","xfolkentry"],"_links":{"self":[{"href":"https:\/\/www.ambienteyenergia.gob.ec\/ambiente\/wp-json\/wp\/v2\/posts\/23504","targetHints":{"allow":["GET"]}}],"collection":[{"href":"https:\/\/www.ambienteyenergia.gob.ec\/ambiente\/wp-json\/wp\/v2\/posts"}],"about":[{"href":"https:\/\/www.ambienteyenergia.gob.ec\/ambiente\/wp-json\/wp\/v2\/types\/post"}],"author":[{"embeddable":true,"href":"https:\/\/www.ambienteyenergia.gob.ec\/ambiente\/wp-json\/wp\/v2\/users\/13"}],"replies":[{"embeddable":true,"href":"https:\/\/www.ambienteyenergia.gob.ec\/ambiente\/wp-json\/wp\/v2\/comments?post=23504"}],"version-history":[{"count":0,"href":"https:\/\/www.ambienteyenergia.gob.ec\/ambiente\/wp-json\/wp\/v2\/posts\/23504\/revisions"}],"wp:featuredmedia":[{"embeddable":true,"href":"https:\/\/www.ambienteyenergia.gob.ec\/ambiente\/wp-json\/wp\/v2\/media\/23505"}],"wp:attachment":[{"href":"https:\/\/www.ambienteyenergia.gob.ec\/ambiente\/wp-json\/wp\/v2\/media?parent=23504"}],"wp:term":[{"taxonomy":"category","embeddable":true,"href":"https:\/\/www.ambienteyenergia.gob.ec\/ambiente\/wp-json\/wp\/v2\/categories?post=23504"},{"taxonomy":"post_tag","embeddable":true,"href":"https:\/\/www.ambienteyenergia.gob.ec\/ambiente\/wp-json\/wp\/v2\/tags?post=23504"}],"curies":[{"name":"wp","href":"https:\/\/api.w.org\/{rel}","templated":true}]}}