{"id":23500,"date":"2014-11-21T13:59:44","date_gmt":"2014-11-21T18:59:44","guid":{"rendered":"http:\/\/www.ambiente.gob.ec\/?p=23500"},"modified":"2014-11-21T13:59:44","modified_gmt":"2014-11-21T18:59:44","slug":"campana-galapagos-limpio-se-presento-en-las-islas-galapagos","status":"publish","type":"post","link":"https:\/\/www.ambienteyenergia.gob.ec\/ambiente\/campana-galapagos-limpio-se-presento-en-las-islas-galapagos\/","title":{"rendered":"Campa\u00f1a Gal\u00e1pagos Limpio se present\u00f3 en las Islas Gal\u00e1pagos"},"content":{"rendered":"<p style=\"margin-bottom: 0cm;\" align=\"JUSTIFY\"><i>Autoridades, operadores telef\u00f3nicos, gestores ambientales y medios de comunicaci\u00f3n participaron en el acto de lanzamiento de esta campa\u00f1a. <\/i><\/p>\n<p style=\"margin-bottom: 0cm;\" align=\"JUSTIFY\">\nLa noche de ayer, el Ministerio del Ambiente de Ecuador (MAE), a trav\u00e9s del Programa Nacional para la Gesti\u00f3n Integral de Desechos S\u00f3lidos (PNGIDS) y la Direcci\u00f3n del Parque Nacional Gal\u00e1pagos (PNG), realizaron la presentaci\u00f3n oficial de la campa\u00f1a \u201cGal\u00e1pagos Limpio\u201d, con el objetivo de fortalecer la gesti\u00f3n de los Gobiernos Aut\u00f3nomos Municipales en beneficio de una correcta disposici\u00f3n final, transporte y aprovechamiento de los residuos reciclables que se generan en cada cant\u00f3n de la provincia.<\/p>\n<p style=\"margin-bottom: 0cm;\" align=\"JUSTIFY\">\nEsta Cartera de Estado ha ejecutado proyectos similares en todo el pa\u00eds, sin embargo, presta especial atenci\u00f3n a las islas, pues son Patrimonio de la Humanidad para el Ecuador y para el mundo. La campa\u00f1a \u201cGal\u00e1pagos Limpio\u201d trabaja en 3 fases estrat\u00e9gicas para que el archipi\u00e9lago mejor conservado del mundo quede libre de los residuos inorg\u00e1nicos aprovechables y para que gestores calificados sometan estos residuos a nuevos procesos productivos.<\/p>\n<p style=\"margin-bottom: 0cm;\" align=\"JUSTIFY\">\nEsta campa\u00f1a ser\u00e1 un proceso continuo, que permitir\u00e1 eliminar los desperdicios aprovechables que se encuentran en centros de acopio de los cantones Santa Cruz, Isabela y San Crist\u00f3bal (Floreana es cant\u00f3n de San Crist\u00f3bal).<\/p>\n<p style=\"margin-bottom: 0cm;\" align=\"JUSTIFY\">\nEntre agosto y septiembre se retiraron m\u00e1s de 5 000 neum\u00e1ticos usados acopiados en Gal\u00e1pagos; desde noviembre inici\u00f3 el proceso de retiro de chatarra, cart\u00f3n, papel y vidrio. Actualmente existen \u00e1nforas de recolecci\u00f3n en 11 puntos estrat\u00e9gicos de la provincia para receptar los tel\u00e9fonos celulares en desuso que ser\u00e1n transformados en materia prima para la elaboraci\u00f3n de nuevos productos.<\/p>\n<p style=\"margin-bottom: 0cm;\" align=\"JUSTIFY\">\nPara Jorge Carri\u00f3n, Director de Gesti\u00f3n Ambiental del PNG, esta iniciativa conjunta demuestra el compromiso ambiental del Gobierno Central, vinculando a todos los sectores de la sociedad para trabajar por una adecuada gesti\u00f3n de residuos. \u201cDefinitivamente esta campa\u00f1a es una gran oportunidad para coordinar esfuerzos y alinear estrategias que permitan tanto a autoridades, gestores y ciudadanos beneficiarse de alianzas en la cadena de la gesti\u00f3n integral de residuos s\u00f3lidos enmarcadas dentro de la nueva matriz productiva que fomenta el Gobierno Nacional\u201d.<\/p>\n<p style=\"margin-bottom: 0cm;\" align=\"JUSTIFY\">\nEs importante destacar el trabajo conjunto para la realizaci\u00f3n de este proyecto, en el cual han trabajado de la mano de la Autoridad Ambiental, los municipios de Santa Cruz, San Crist\u00f3bal e Isabela; la Armada del Ecuador, el Ministerio de Salud P\u00fablica y la empresa privada: Novacero, Enkador, Cridesa y Repapers; as\u00ed como: CNT, Claro y Movistar, bajo la coordinaci\u00f3n del MAE.<\/p>\n<p style=\"margin-bottom: 0cm;\" align=\"JUSTIFY\">\nEstas acciones se suman a un trabajo interinstitucional en el Archipi\u00e9lago por un consumo responsable de pl\u00e1sticos, especialmente de fundas pl\u00e1sticas y envases desechables, enmarcados en una pol\u00edtica provincial para alcanzar un Gal\u00e1pagos Limpio.<\/p>\n","protected":false},"excerpt":{"rendered":"<p class=\"excerpt\">Autoridades, operadores telef\u00f3nicos, gestores ambientales y medios de comunicaci\u00f3n participaron en el acto de lanzamiento de esta campa\u00f1a. La noche de ayer, el Ministerio del Ambiente de Ecuador (MAE), a trav\u00e9s del Programa Nacional para la Gesti\u00f3n Integral de Desechos S\u00f3lidos (PNGIDS) y la Direcci\u00f3n del Parque Nacional Gal\u00e1pagos (PNG), realizaron la presentaci\u00f3n oficial de la campa\u00f1a \u201cGal\u00e1pagos Limpio\u201d, con&hellip; <a href=\"https:\/\/www.ambienteyenergia.gob.ec\/ambiente\/campana-galapagos-limpio-se-presento-en-las-islas-galapagos\/\">Read more &rarr;<\/a><\/p>\n","protected":false},"author":13,"featured_media":23501,"comment_status":"open","ping_status":"open","sticky":false,"template":"","format":"standard","meta":{"footnotes":""},"categories":[16,4],"tags":[],"class_list":["post-23500","post","type-post","status-publish","format-standard","has-post-thumbnail","hentry","category-comunicamos","category-noticias","xfolkentry"],"_links":{"self":[{"href":"https:\/\/www.ambienteyenergia.gob.ec\/ambiente\/wp-json\/wp\/v2\/posts\/23500","targetHints":{"allow":["GET"]}}],"collection":[{"href":"https:\/\/www.ambienteyenergia.gob.ec\/ambiente\/wp-json\/wp\/v2\/posts"}],"about":[{"href":"https:\/\/www.ambienteyenergia.gob.ec\/ambiente\/wp-json\/wp\/v2\/types\/post"}],"author":[{"embeddable":true,"href":"https:\/\/www.ambienteyenergia.gob.ec\/ambiente\/wp-json\/wp\/v2\/users\/13"}],"replies":[{"embeddable":true,"href":"https:\/\/www.ambienteyenergia.gob.ec\/ambiente\/wp-json\/wp\/v2\/comments?post=23500"}],"version-history":[{"count":0,"href":"https:\/\/www.ambienteyenergia.gob.ec\/ambiente\/wp-json\/wp\/v2\/posts\/23500\/revisions"}],"wp:featuredmedia":[{"embeddable":true,"href":"https:\/\/www.ambienteyenergia.gob.ec\/ambiente\/wp-json\/wp\/v2\/media\/23501"}],"wp:attachment":[{"href":"https:\/\/www.ambienteyenergia.gob.ec\/ambiente\/wp-json\/wp\/v2\/media?parent=23500"}],"wp:term":[{"taxonomy":"category","embeddable":true,"href":"https:\/\/www.ambienteyenergia.gob.ec\/ambiente\/wp-json\/wp\/v2\/categories?post=23500"},{"taxonomy":"post_tag","embeddable":true,"href":"https:\/\/www.ambienteyenergia.gob.ec\/ambiente\/wp-json\/wp\/v2\/tags?post=23500"}],"curies":[{"name":"wp","href":"https:\/\/api.w.org\/{rel}","templated":true}]}}