{"id":23492,"date":"2014-11-21T10:06:11","date_gmt":"2014-11-21T15:06:11","guid":{"rendered":"http:\/\/www.ambiente.gob.ec\/?p=23492"},"modified":"2014-11-21T11:13:47","modified_gmt":"2014-11-21T16:13:47","slug":"mae-expone-postura-de-ecuador-frente-a-la-cop20-en-taller-para-comunicadores","status":"publish","type":"post","link":"https:\/\/www.ambienteyenergia.gob.ec\/ambiente\/mae-expone-postura-de-ecuador-frente-a-la-cop20-en-taller-para-comunicadores\/","title":{"rendered":"MAE expone postura de Ecuador frente a la COP20 en taller para comunicadores"},"content":{"rendered":"<p style=\"text-align: justify;\">El Ministerio de Ambiente a trav\u00e9s de la Subsecretar\u00eda de Cambio Clim\u00e1tico, particip\u00f3 en el taller Perspectivas Medi\u00e1ticas frente a la COP20: Experiencias y Retos para el Periodismo Ecuatoriano, organizado por la Friedrich-Ebert-Stiftung en CIESPAL.<\/p>\n<p style=\"text-align: justify;\">El taller, dirigido a periodistas nacionales, tuvo como finalidad discutir la agenda ecuatoriana y latinoamericana con respecto a la COP20, que se celebrar\u00e1 en Lima, Per\u00fa en diciembre pr\u00f3ximo.<\/p>\n<p style=\"text-align: justify;\">Andr\u00e9s Hubenthal, Subsecretario de Cambio Clim\u00e1tico, se\u00f1al\u00f3 que entre 1960 y 2006 la temperatura media en el Ecuador se ha incrementado en un 0,8\u00b0C, y en el mismo per\u00edodo hubo un incremento del 33% en las precipitaciones en la regi\u00f3n litoral. De acuerdo a lo expuesto, las variaciones se traducen en impactos sobre la producci\u00f3n agr\u00edcola, los recursos h\u00eddricos, ecosistemas, entre otros sectores vulnerables.<\/p>\n<p style=\"text-align: justify;\">Adicionalmente, inform\u00f3 que desde la Subsecretar\u00eda de Cambio Clim\u00e1tico, se trabaja en dos aristas: la reducci\u00f3n de emisiones de gases de efecto invernadero (GEI), y la adaptaci\u00f3n desde los diferentes sectores. A pesar de que su aporte al inventario global de emisiones globales es m\u00ednimo, el Ecuador se ha comprometido en desarrollar pol\u00edticas que inciden de manera positiva en la mitigaci\u00f3n, como por ejemplo la transformaci\u00f3n de la matriz energ\u00e9tica.<\/p>\n<p style=\"text-align: justify;\">En ese sentido, mencion\u00f3 que la electricidad generada por las centrales hidroel\u00e9ctricas, se utilizar\u00e1 para mejorar la producci\u00f3n petrolera en reemplazo del gas asociado, y para el Programa Cocinas de Inducci\u00f3n en reemplazo del gas licuado de petr\u00f3leo (GLP). \u201cCon estas pol\u00edticas, hemos estimado una reducci\u00f3n de aproximadamente 11 millones de toneladas de CO2 equivalente, lo que representa un 39% del sector energ\u00eda\u201d se\u00f1al\u00f3 el Subsecretario, como una evidencia del gran esfuerzo del Ecuador para mitigar el fen\u00f3meno clim\u00e1tico.<\/p>\n<p style=\"text-align: justify;\">Adicionalmente, destac\u00f3 que una vez iniciadas las operaciones de las centrales hidroel\u00e9ctricas el Ecuador dejar\u00e1 de depender de la quema de combustibles f\u00f3siles para contar con un 95% de energ\u00eda proveniente de fuentes renovables.<\/p>\n<p style=\"text-align: justify;\">Con ese antecedente, resalt\u00f3 que la COP20, por celebrarse en Lima, es un hito importante para alcanzar un acuerdo global en el 2015, que permitir\u00e1 abordar de manera m\u00e1s agresiva al cambio clim\u00e1tico.<\/p>\n<p style=\"text-align: justify;\">El Ecuador, a pesar de no tener una obligaci\u00f3n ante la Convenci\u00f3n Marco de Naciones Unidas sobre Cambio Clim\u00e1tico (CMNUCC), realiza esfuerzos significativos para reducir impactos futuros en su territorio. Para profundizar las pol\u00edticas en materia ambiental, el pa\u00eds requiere transferencia de tecnolog\u00eda y cooperaci\u00f3n internacional para el financiamiento proyectos emblem\u00e1ticos, bajo el principio de responsabilidades comunes pero diferenciadas de la CMNUCC.<\/p>\n<p style=\"text-align: justify;\">En ese sentido, el Ecuador busca capitalizar el Fondo Verde Clim\u00e1tico que representa un apoyo para la mitigaci\u00f3n y adaptaci\u00f3n de pa\u00edses en desarrollo.<\/p>\n<p style=\"text-align: justify;\">Por \u00faltimo, Hubenthal mencion\u00f3 entre las prioridades del Ecuador por alcanzar un nuevo acuerdo que permita hacer operativa la gesti\u00f3n de mitigaci\u00f3n a gran escala, viabilizar el financiamiento, la transferencia de tecnolog\u00eda y capacidades para la adaptaci\u00f3n al cambio clim\u00e1tico.<\/p>\n<p style=\"text-align: justify;\">El encuentro entre comunicadores permiti\u00f3 abrir un espacio para compartir perspectivas y resolver inquietudes relevantes sobre la gesti\u00f3n y postura del Ecuador frente a la COP20.<\/p>\n","protected":false},"excerpt":{"rendered":"<p class=\"excerpt\">El Ministerio de Ambiente a trav\u00e9s de la Subsecretar\u00eda de Cambio Clim\u00e1tico, particip\u00f3 en el taller Perspectivas Medi\u00e1ticas frente a la COP20: Experiencias y Retos para el Periodismo Ecuatoriano, organizado por la Friedrich-Ebert-Stiftung en CIESPAL. El taller, dirigido a periodistas nacionales, tuvo como finalidad discutir la agenda ecuatoriana y latinoamericana con respecto a la COP20, que se celebrar\u00e1 en Lima,&hellip; <a href=\"https:\/\/www.ambienteyenergia.gob.ec\/ambiente\/mae-expone-postura-de-ecuador-frente-a-la-cop20-en-taller-para-comunicadores\/\">Read more &rarr;<\/a><\/p>\n","protected":false},"author":13,"featured_media":23493,"comment_status":"open","ping_status":"open","sticky":false,"template":"","format":"standard","meta":{"footnotes":""},"categories":[16,4],"tags":[],"class_list":["post-23492","post","type-post","status-publish","format-standard","has-post-thumbnail","hentry","category-comunicamos","category-noticias","xfolkentry"],"_links":{"self":[{"href":"https:\/\/www.ambienteyenergia.gob.ec\/ambiente\/wp-json\/wp\/v2\/posts\/23492","targetHints":{"allow":["GET"]}}],"collection":[{"href":"https:\/\/www.ambienteyenergia.gob.ec\/ambiente\/wp-json\/wp\/v2\/posts"}],"about":[{"href":"https:\/\/www.ambienteyenergia.gob.ec\/ambiente\/wp-json\/wp\/v2\/types\/post"}],"author":[{"embeddable":true,"href":"https:\/\/www.ambienteyenergia.gob.ec\/ambiente\/wp-json\/wp\/v2\/users\/13"}],"replies":[{"embeddable":true,"href":"https:\/\/www.ambienteyenergia.gob.ec\/ambiente\/wp-json\/wp\/v2\/comments?post=23492"}],"version-history":[{"count":0,"href":"https:\/\/www.ambienteyenergia.gob.ec\/ambiente\/wp-json\/wp\/v2\/posts\/23492\/revisions"}],"wp:featuredmedia":[{"embeddable":true,"href":"https:\/\/www.ambienteyenergia.gob.ec\/ambiente\/wp-json\/wp\/v2\/media\/23493"}],"wp:attachment":[{"href":"https:\/\/www.ambienteyenergia.gob.ec\/ambiente\/wp-json\/wp\/v2\/media?parent=23492"}],"wp:term":[{"taxonomy":"category","embeddable":true,"href":"https:\/\/www.ambienteyenergia.gob.ec\/ambiente\/wp-json\/wp\/v2\/categories?post=23492"},{"taxonomy":"post_tag","embeddable":true,"href":"https:\/\/www.ambienteyenergia.gob.ec\/ambiente\/wp-json\/wp\/v2\/tags?post=23492"}],"curies":[{"name":"wp","href":"https:\/\/api.w.org\/{rel}","templated":true}]}}