{"id":23490,"date":"2014-11-21T08:22:52","date_gmt":"2014-11-21T13:22:52","guid":{"rendered":"http:\/\/www.ambiente.gob.ec\/?p=23490"},"modified":"2014-11-21T10:52:43","modified_gmt":"2014-11-21T15:52:43","slug":"sentencia-de-8-meses-de-prision-a-invasor-de-la-reserva-ecologica-arenillas","status":"publish","type":"post","link":"https:\/\/www.ambienteyenergia.gob.ec\/ambiente\/sentencia-de-8-meses-de-prision-a-invasor-de-la-reserva-ecologica-arenillas\/","title":{"rendered":"Sentencia de prisi\u00f3n para invasor de la Reserva Ecol\u00f3gica Arenillas"},"content":{"rendered":"<p style=\"text-align: justify;\"><span lang=\"ES-EC\">Hoy, la Unidad Judicial de Garant\u00edas Penales del Cant\u00f3n Huaquillas dict\u00f3 sentencia de ocho meses y el pago de multas por delito ambiental y por concepto de reforestaci\u00f3n al implicado en asentamiento irregular dentro de los l\u00edmites de la Reserva Ecol\u00f3gica Arenillas, una de las 50 \u00e1reas protegidas con las que cuenta el pa\u00eds.<\/span><\/p>\n<p style=\"text-align: justify;\"><span lang=\"ES-EC\">El pasado 10 de septiembre de 2014, t\u00e9cnicos del Ministerio del Ambiente de Ecuador realizaron una inspecci\u00f3n dentro de este espacio natural, con apoyo de la Unidad de Protecci\u00f3n del Medio Ambiente (UPMA) de la Polic\u00eda Nacional, identificando humo y un espacio dedicado a la tala de \u00e1rboles nativos de la zona, motivo por el cual el presunto infractor fue detenido y puesto a \u00f3rdenes de la justicia, por presunto asentamiento irregular dentro de los l\u00edmites de \u00e1rea protegida.<\/span><\/p>\n<p style=\"text-align: justify;\"><span lang=\"ES-EC\">Adem\u00e1s, t\u00e9cnicos de la Direcci\u00f3n Provincial del Ambiente de El Oro determinaron que, seg\u00fan consta en informe, el \u00e1rea afectada dentro de la Reserva Arenillas corresponde a 586,50 metros cuadrados, mismos que se presentaban se\u00f1ales de tala, tumba, quema de aproximadamente 23 \u00e1rboles y arbustos nativos que corresponden a las especies de guayacan, ceibo, pasallo, algarrobo, seca, barbasco, polo polo, cascol y capote de perro, a m\u00e1s de utilizar el espacio para realizar siembra ilegal.<\/span><\/p>\n<p style=\"text-align: justify;\"><span lang=\"ES-EC\">Es por tal motivo que, y luego de dos meses de proceso, se determin\u00f3 la culpabilidad del infractor seg\u00fan el Art\u00edculo N\u00b0 245 de C\u00f3digo Org\u00e1nico Integral Penal (COIP) por Invasi\u00f3n de \u00c1reas de Importancia Ecol\u00f3gica.<\/span><\/p>\n<p style=\"text-align: justify;\"><span lang=\"ES-EC\">Ecuador reconoce en su Constituci\u00f3n Pol\u00edtica los Derechos de la Naturaleza, garantizando as\u00ed la protecci\u00f3n y conservaci\u00f3n de espacios naturales que integran el Sistema Nacional de \u00c1reas Protegidas (SNAP) y dem\u00e1s lugares de importancia ecol\u00f3gica, con el objetivo de promover el desarrollo sostenible y equilibrado para una Sociedad del Buen Vivir.<\/span><\/p>\n","protected":false},"excerpt":{"rendered":"<p class=\"excerpt\">Hoy, la Unidad Judicial de Garant\u00edas Penales del Cant\u00f3n Huaquillas dict\u00f3 sentencia de ocho meses y el pago de multas por delito ambiental y por concepto de reforestaci\u00f3n al implicado en asentamiento irregular dentro de los l\u00edmites de la Reserva Ecol\u00f3gica Arenillas, una de las 50 \u00e1reas protegidas con las que cuenta el pa\u00eds. El pasado 10 de septiembre de&hellip; <a href=\"https:\/\/www.ambienteyenergia.gob.ec\/ambiente\/sentencia-de-8-meses-de-prision-a-invasor-de-la-reserva-ecologica-arenillas\/\">Read more &rarr;<\/a><\/p>\n","protected":false},"author":13,"featured_media":23214,"comment_status":"open","ping_status":"open","sticky":false,"template":"","format":"standard","meta":{"footnotes":""},"categories":[16,4],"tags":[300,387],"class_list":["post-23490","post","type-post","status-publish","format-standard","has-post-thumbnail","hentry","category-comunicamos","category-noticias","tag-control-ambiental","tag-mae-lorena-tapia","xfolkentry"],"_links":{"self":[{"href":"https:\/\/www.ambienteyenergia.gob.ec\/ambiente\/wp-json\/wp\/v2\/posts\/23490","targetHints":{"allow":["GET"]}}],"collection":[{"href":"https:\/\/www.ambienteyenergia.gob.ec\/ambiente\/wp-json\/wp\/v2\/posts"}],"about":[{"href":"https:\/\/www.ambienteyenergia.gob.ec\/ambiente\/wp-json\/wp\/v2\/types\/post"}],"author":[{"embeddable":true,"href":"https:\/\/www.ambienteyenergia.gob.ec\/ambiente\/wp-json\/wp\/v2\/users\/13"}],"replies":[{"embeddable":true,"href":"https:\/\/www.ambienteyenergia.gob.ec\/ambiente\/wp-json\/wp\/v2\/comments?post=23490"}],"version-history":[{"count":0,"href":"https:\/\/www.ambienteyenergia.gob.ec\/ambiente\/wp-json\/wp\/v2\/posts\/23490\/revisions"}],"wp:featuredmedia":[{"embeddable":true,"href":"https:\/\/www.ambienteyenergia.gob.ec\/ambiente\/wp-json\/wp\/v2\/media\/23214"}],"wp:attachment":[{"href":"https:\/\/www.ambienteyenergia.gob.ec\/ambiente\/wp-json\/wp\/v2\/media?parent=23490"}],"wp:term":[{"taxonomy":"category","embeddable":true,"href":"https:\/\/www.ambienteyenergia.gob.ec\/ambiente\/wp-json\/wp\/v2\/categories?post=23490"},{"taxonomy":"post_tag","embeddable":true,"href":"https:\/\/www.ambienteyenergia.gob.ec\/ambiente\/wp-json\/wp\/v2\/tags?post=23490"}],"curies":[{"name":"wp","href":"https:\/\/api.w.org\/{rel}","templated":true}]}}