{"id":23484,"date":"2014-11-20T14:35:52","date_gmt":"2014-11-20T19:35:52","guid":{"rendered":"http:\/\/www.ambiente.gob.ec\/?p=23484"},"modified":"2014-11-20T14:42:01","modified_gmt":"2014-11-20T19:42:01","slug":"mae-conmemora-el-vigesimo-septimo-aniversario-de-la-reserva-de-produccion-de-fauna-chimborazo","status":"publish","type":"post","link":"https:\/\/www.ambienteyenergia.gob.ec\/ambiente\/mae-conmemora-el-vigesimo-septimo-aniversario-de-la-reserva-de-produccion-de-fauna-chimborazo\/","title":{"rendered":"MAE conmemora el Vig\u00e9simo S\u00e9ptimo Aniversario de la Reserva de Producci\u00f3n de Fauna Chimborazo"},"content":{"rendered":"<p style=\"text-align: justify;\">El Ministerio del Ambiente de Ecuador (MAE), en conmemoraci\u00f3n al Vig\u00e9simo S\u00e9ptimo Aniversario de la Reserva de Producci\u00f3n de Fauna Chimborazo realiz\u00f3 varias actividades educativas dirigidas a los turistas que visitan esta importante \u00c1rea Protegida del centro del Pa\u00eds.<\/p>\n<p>La agenda de actividades inici\u00f3 la semana pasada con un Taller sobre la Importancia de esta \u00e1rea protegida en la conservaci\u00f3n del ambiente, desarrollada con el objetivo de dar a conocer los avances en materia de protecci\u00f3n de este importante ecosistema, el plan de manejo de visitantes, destinos tur\u00edsticos en el \u00e1rea y programa Socio Bosque en \u00e1reas protegidas. Al evento asistieron 300 estudiantes de diferentes establecimientos educativos de la provincia de Chimborazo.<\/p>\n<p>Adem\u00e1s, el pasado s\u00e1bado se efectuaron diferentes actividades art\u00edsticas, l\u00fadicas y recreativas con enfoque educativo, mediante la exposici\u00f3n abierta a la ciudadan\u00eda de cuadros de los atractivos naturales, con la finalidad de incentivar a los ni\u00f1os provenientes de diferentes partes de Ecuador a plasmar en hojas de papel, paisajes relacionados al majestuoso Chimborazo.<\/p>\n<p>La jornada del d\u00eda concluy\u00f3 con una obra de teatro con la tem\u00e1tica \u201cConservaci\u00f3n de la fauna\u201d, actividad al aire libre que alegr\u00f3 la tarde a chicos y grandes que permanec\u00edan en el Centro de Servicios el Arenal.<\/p>\n<p>Por otra parte, 59 personas de diferentes edades se congregaron para realizar un recorrido en bicicletas por la Ruta de Talagua. El recorrido de cuatro kil\u00f3metros de recorrido termin\u00f3 en la entrada a la Cooperativa Santa Teresita de Guabug.<\/p>\n<p>Durante el fin de semana cerca de 1 000 turistas nacionales y extranjeros visitaron la Reserva Chimborazo, demostrando as\u00ed la gran importancia tur\u00edstica de este espacio natural que se ha convertido en un referente internacional en materia de conservaci\u00f3n y protecci\u00f3n ambiental.<\/p>\n<p>La Direcci\u00f3n Provincial del Ambiente de Chimborazo realiz\u00f3 esta actividad con el prop\u00f3sito de socializar los 27 a\u00f1os de Aniversario del \u00c1rea Protegida, de informar la gesti\u00f3n del MAE, concientizar a la ciudadan\u00eda y promover los atractivos a turistas nacionales y extranjeros.<\/p>\n","protected":false},"excerpt":{"rendered":"<p class=\"excerpt\">El Ministerio del Ambiente de Ecuador (MAE), en conmemoraci\u00f3n al Vig\u00e9simo S\u00e9ptimo Aniversario de la Reserva de Producci\u00f3n de Fauna Chimborazo realiz\u00f3 varias actividades educativas dirigidas a los turistas que visitan esta importante \u00c1rea Protegida del centro del Pa\u00eds. La agenda de actividades inici\u00f3 la semana pasada con un Taller sobre la Importancia de esta \u00e1rea protegida en la conservaci\u00f3n&hellip; <a href=\"https:\/\/www.ambienteyenergia.gob.ec\/ambiente\/mae-conmemora-el-vigesimo-septimo-aniversario-de-la-reserva-de-produccion-de-fauna-chimborazo\/\">Read more &rarr;<\/a><\/p>\n","protected":false},"author":13,"featured_media":23485,"comment_status":"open","ping_status":"open","sticky":false,"template":"","format":"standard","meta":{"footnotes":""},"categories":[16,4],"tags":[],"class_list":["post-23484","post","type-post","status-publish","format-standard","has-post-thumbnail","hentry","category-comunicamos","category-noticias","xfolkentry"],"_links":{"self":[{"href":"https:\/\/www.ambienteyenergia.gob.ec\/ambiente\/wp-json\/wp\/v2\/posts\/23484","targetHints":{"allow":["GET"]}}],"collection":[{"href":"https:\/\/www.ambienteyenergia.gob.ec\/ambiente\/wp-json\/wp\/v2\/posts"}],"about":[{"href":"https:\/\/www.ambienteyenergia.gob.ec\/ambiente\/wp-json\/wp\/v2\/types\/post"}],"author":[{"embeddable":true,"href":"https:\/\/www.ambienteyenergia.gob.ec\/ambiente\/wp-json\/wp\/v2\/users\/13"}],"replies":[{"embeddable":true,"href":"https:\/\/www.ambienteyenergia.gob.ec\/ambiente\/wp-json\/wp\/v2\/comments?post=23484"}],"version-history":[{"count":0,"href":"https:\/\/www.ambienteyenergia.gob.ec\/ambiente\/wp-json\/wp\/v2\/posts\/23484\/revisions"}],"wp:featuredmedia":[{"embeddable":true,"href":"https:\/\/www.ambienteyenergia.gob.ec\/ambiente\/wp-json\/wp\/v2\/media\/23485"}],"wp:attachment":[{"href":"https:\/\/www.ambienteyenergia.gob.ec\/ambiente\/wp-json\/wp\/v2\/media?parent=23484"}],"wp:term":[{"taxonomy":"category","embeddable":true,"href":"https:\/\/www.ambienteyenergia.gob.ec\/ambiente\/wp-json\/wp\/v2\/categories?post=23484"},{"taxonomy":"post_tag","embeddable":true,"href":"https:\/\/www.ambienteyenergia.gob.ec\/ambiente\/wp-json\/wp\/v2\/tags?post=23484"}],"curies":[{"name":"wp","href":"https:\/\/api.w.org\/{rel}","templated":true}]}}