{"id":23480,"date":"2014-11-20T13:58:17","date_gmt":"2014-11-20T18:58:17","guid":{"rendered":"http:\/\/www.ambiente.gob.ec\/?p=23480"},"modified":"2014-11-20T14:32:11","modified_gmt":"2014-11-20T19:32:11","slug":"naciones-unidas-reconoce-a-ecuador-como-modelo-de-desarrollo-sostenible","status":"publish","type":"post","link":"https:\/\/www.ambienteyenergia.gob.ec\/ambiente\/naciones-unidas-reconoce-a-ecuador-como-modelo-de-desarrollo-sostenible\/","title":{"rendered":"Naciones Unidas reconoce a Ecuador como modelo de Desarrollo Sostenible"},"content":{"rendered":"<p style=\"text-align: justify;\">Ecuador fue reconocido como modelo de desarrollo sostenible para la erradicar la pobreza y reducir la desigualdad, en el marco de la XI Reuni\u00f3n Anual de las Naciones Unidas, Organizaciones Sociales y Sociedad Civil, mismo que se efectu\u00f3 entre el 17 y 18 de noviembre en Washington, DC.<\/p>\n<p style=\"text-align: justify;\">Este encuentro que cont\u00f3 con la presencia de representantes del Banco Mundial, Banco Interamericano de Desarrollo, Fondo Monetario Internacional, Naciones Unidas, Organizaci\u00f3n de Estados Americanos, Organizaci\u00f3n Mundial de la Salud y diversas organizaciones no gubernamentales tuvo como objetivo plantear una agenda com\u00fan enfocada en promover la reducci\u00f3n de la pobreza y la eliminaci\u00f3n de la desigualdad como componente esencial para la estrategia de desarrollo.<\/p>\n<p style=\"text-align: justify;\">Durante este evento se resaltaron los avances nacionales en relaci\u00f3n al cambio de la matriz productiva y energ\u00e9tica que el Gobierno de la Revoluci\u00f3n Ciudadana lleva a cabo gracias al compromiso social y ambiental por mantener un desarrollo social equilibrado, por medio de la aplicaci\u00f3n de una Econom\u00eda Verde que garantice el cumplimiento de los Derechos de la Naturaleza, contemplados en la Constituci\u00f3n Pol\u00edtica de Ecuador.<\/p>\n<p style=\"text-align: justify;\">La Ministra del Ambiente de Ecuador, Lorena Tapia N\u00fa\u00f1ez asegur\u00f3 que es necesario proponer sistemas econ\u00f3micos m\u00e1s justos y redistributivos que potencien la utilizaci\u00f3n responsable de los recursos naturales, enfatizando el equilibrio entre naturaleza y sociedad.<\/p>\n<p style=\"text-align: justify;\">\u201cLa promoci\u00f3n del sistema de econom\u00eda social y solidaria y el reconocimiento de los derechos de la naturaleza son importantes pasos hacia una Econom\u00eda Ecol\u00f3gica, concepto por el cual trabajamos en Ecuador. Vislumbra oportunidades para el pa\u00eds porque permite reconocer la contribuci\u00f3n econ\u00f3mica de los servicios ambientales como sector estrat\u00e9gico para el establecimiento de una sociedad del Buen Vivir\u201d, coment\u00f3 Tapia.<\/p>\n<p style=\"text-align: justify;\">Por otro lado el Ministerio del Ambiente de Ecuador (MAE) ha implementado diferentes mecanismos para fomentar la conciencia ambiental, tanto a nivel social como al nivel industrial y empresarial, con el objetivo de garantizar la menor afectaci\u00f3n ambiental, por medio de la aplicaci\u00f3n de buenas pr\u00e1cticas ambientales, procesos de producci\u00f3n m\u00e1s limpia, gesti\u00f3n integral de residuos e implementaci\u00f3n de iniciativas conjuntas para la ejecuci\u00f3n de diferentes proyectos, entre ellos restauraci\u00f3n forestal.<\/p>\n<p style=\"text-align: justify;\">Adem\u00e1s el Gobierno Nacional ha invertido m\u00e1s de 9 billones de d\u00f3lares en el cambio de matriz productiva con lo se busca generar m\u00e1s del 90% de energ\u00eda limpia, proveniente de fuente hidroel\u00e9ctricas como Coca Codo Sinclair, Minas San Francisco entre otras centrales de menor tama\u00f1o.<\/p>\n<p style=\"text-align: justify;\">\u201cLa producci\u00f3n y consumo sustentable se han convertido en\u00a0 un mecanismo para consolidar el cambio de la matriz productiva, pues esto suman a la implementaci\u00f3n de tecnolog\u00edas limpias, destacando las buenas pr\u00e1cticas ambientales, con el prop\u00f3sito de reducir la contaminaci\u00f3n y optimizar de esta manera el uso de nuestros recursos naturales, en todas sus fases o ciclo de vida de producto, reduciendo el impacto negativo al ser humano y su entorno natural\u201d, coment\u00f3 la m\u00e1xima Autoridad Ambiental.<\/p>\n","protected":false},"excerpt":{"rendered":"<p class=\"excerpt\">Ecuador fue reconocido como modelo de desarrollo sostenible para la erradicar la pobreza y reducir la desigualdad, en el marco de la XI Reuni\u00f3n Anual de las Naciones Unidas, Organizaciones Sociales y Sociedad Civil, mismo que se efectu\u00f3 entre el 17 y 18 de noviembre en Washington, DC. Este encuentro que cont\u00f3 con la presencia de representantes del Banco Mundial,&hellip; <a href=\"https:\/\/www.ambienteyenergia.gob.ec\/ambiente\/naciones-unidas-reconoce-a-ecuador-como-modelo-de-desarrollo-sostenible\/\">Read more &rarr;<\/a><\/p>\n","protected":false},"author":13,"featured_media":22884,"comment_status":"open","ping_status":"open","sticky":false,"template":"","format":"standard","meta":{"footnotes":""},"categories":[16,4],"tags":[],"class_list":["post-23480","post","type-post","status-publish","format-standard","has-post-thumbnail","hentry","category-comunicamos","category-noticias","xfolkentry"],"_links":{"self":[{"href":"https:\/\/www.ambienteyenergia.gob.ec\/ambiente\/wp-json\/wp\/v2\/posts\/23480","targetHints":{"allow":["GET"]}}],"collection":[{"href":"https:\/\/www.ambienteyenergia.gob.ec\/ambiente\/wp-json\/wp\/v2\/posts"}],"about":[{"href":"https:\/\/www.ambienteyenergia.gob.ec\/ambiente\/wp-json\/wp\/v2\/types\/post"}],"author":[{"embeddable":true,"href":"https:\/\/www.ambienteyenergia.gob.ec\/ambiente\/wp-json\/wp\/v2\/users\/13"}],"replies":[{"embeddable":true,"href":"https:\/\/www.ambienteyenergia.gob.ec\/ambiente\/wp-json\/wp\/v2\/comments?post=23480"}],"version-history":[{"count":0,"href":"https:\/\/www.ambienteyenergia.gob.ec\/ambiente\/wp-json\/wp\/v2\/posts\/23480\/revisions"}],"wp:featuredmedia":[{"embeddable":true,"href":"https:\/\/www.ambienteyenergia.gob.ec\/ambiente\/wp-json\/wp\/v2\/media\/22884"}],"wp:attachment":[{"href":"https:\/\/www.ambienteyenergia.gob.ec\/ambiente\/wp-json\/wp\/v2\/media?parent=23480"}],"wp:term":[{"taxonomy":"category","embeddable":true,"href":"https:\/\/www.ambienteyenergia.gob.ec\/ambiente\/wp-json\/wp\/v2\/categories?post=23480"},{"taxonomy":"post_tag","embeddable":true,"href":"https:\/\/www.ambienteyenergia.gob.ec\/ambiente\/wp-json\/wp\/v2\/tags?post=23480"}],"curies":[{"name":"wp","href":"https:\/\/api.w.org\/{rel}","templated":true}]}}