{"id":23471,"date":"2014-11-07T16:48:12","date_gmt":"2014-11-07T21:48:12","guid":{"rendered":"http:\/\/www.ambiente.gob.ec\/?p=23471"},"modified":"2015-07-01T19:13:49","modified_gmt":"2015-07-02T00:13:49","slug":"presidente-rafael-correa-verifico-las-salvaguardas-ambientales-implementadas-en-el-bloque-31presidente-rafael-correa-verifico-las-salvaguardas-ambientales-implementadas-en-el-bloque-31-el-presidente-r","status":"publish","type":"post","link":"https:\/\/www.ambienteyenergia.gob.ec\/ambiente\/presidente-rafael-correa-verifico-las-salvaguardas-ambientales-implementadas-en-el-bloque-31presidente-rafael-correa-verifico-las-salvaguardas-ambientales-implementadas-en-el-bloque-31-el-presidente-r\/","title":{"rendered":"Presidente Rafael Correa verific\u00f3 las salvaguardas ambientales implementadas en el bloque 31"},"content":{"rendered":"<p style=\"text-align: justify;\">El Presidente Rafael Correa realiz\u00f3 este jueves 6 de septiembre, una visita a varios proyectos desarrollados en la provincia de Orellana. En compa\u00f1\u00eda de varios ministros de Estado, autoridades locales y medios de comunicaci\u00f3n recorri\u00f3 los campos Apaika Producci\u00f3n y Nenke del Bloque 31 y, el campo Tiputini del Bloque 43 para verificar el estado de los proyectos y la implementaci\u00f3n de salvaguardas ambientales que ayuden a minimizar el impacto de la actividad productiva en la zona.<\/p>\n<p style=\"text-align: justify;\">La m\u00e1xima autoridad del Estado pudo constatar que el acceso ecol\u00f3gico del Bloque 31 mide 4 metros de ancho, adem\u00e1s fue testigo de un paisaje reverdecido en los 6 metros del derecho de v\u00eda, pues los procesos de revegetaci\u00f3n del \u00e1rea han sido cumplidos por la operadora estatal Petroamazonas. Reconoci\u00f3 de primera mano la adecuaci\u00f3n de puentes de dosel naturales y artificiales que conectan a dos copas arb\u00f3reas a trav\u00e9s de la acceso ecol\u00f3gico y de pasos deprimidos que lo hacen por debajo. Se le inform\u00f3 que estas medidas permiten que las especies arbor\u00edcolas y terrestres puedan seguir transitando por los dos fragmentos de bosque separados por la v\u00eda.<\/p>\n<p style=\"text-align: justify;\">La Ministra del Ambiente, Lorena Tapia, inform\u00f3 al Presidente del riguroso seguimiento que ejerce la Autoridad Ambiental sobre las actividades que ha desarrollado Petroamazonas en el \u00e1rea protegida del Yasun\u00ed. Demostr\u00f3 que el control de efectividad de las salvaguardas ambientales es monitoreado con la instalaci\u00f3n de c\u00e1maras trampa en puntos seleccionados y que los resultados han sido satisfactorios. Muestra de ello es la imagen de un jaguar haciendo uso de los pasos deprimidos. La Ministra Tapia enfatiz\u00f3 \u201cDesde la autoridad ambiental estamos monitoreando. Nos valemos de herramientas tecnol\u00f3gicas, me refiero al tema de drones, al uso de c\u00e1maras trampa y toda esa informaci\u00f3n est\u00e1 disponible para que la ciudadan\u00eda pueda hacer un proceso de seguimiento y tenga la absoluta certeza que el cuidado ambiental se est\u00e1 cumpliendo a cabalidad en el Bloque 31 y 43\u201d.<\/p>\n<p style=\"text-align: justify;\">En el conversatorio con los medios de comunicaci\u00f3n, que el Presidente y los Ministros de Estado ofrecieron durante horas de la noche en la ciudad del Coca, se ampli\u00f3 la informaci\u00f3n de las actividades realizadas por la comitiva oficial, que incluy\u00f3 adem\u00e1s del recorrido al bloque 31 y 43, la inauguraci\u00f3n de la Unidad Educativa del Milenio de Nuevo Rocafuerte y la visita al Bloque 15 donde se les present\u00f3 el proyecto de optimizaci\u00f3n de generaci\u00f3n el\u00e9ctrica y eficiencia energ\u00e9tica.<\/p>\n<p style=\"text-align: justify;\">El Presidente Rafael Correa respondi\u00f3 a varias interrogantes de los medios de comunicaci\u00f3n y respecto a la explotaci\u00f3n del Bloque 43 dijo \u201cSobre los impactos lo hemos dicho, los impactos ser\u00e1n m\u00ednimos. Le dijimos al pueblo ecuatoriano se afectar\u00e1 menos del 1 por mil del parque en realidad se afectar\u00e1 el 0,2 por 1000 del Parque, (\u2026) pero estamos hablando de 120 Ha. Se calcula que va haber de 12 a 14 plataformas en el campo ITT, cada plataforma son 4 ha. (\u2026) Ser\u00e1n 20 millones que nos ayudar\u00e1 a superar en gran parte la pobreza\u201d.<\/p>\n","protected":false},"excerpt":{"rendered":"<p class=\"excerpt\">El Presidente Rafael Correa realiz\u00f3 este jueves 6 de septiembre, una visita a varios proyectos desarrollados en la provincia de Orellana. En compa\u00f1\u00eda de varios ministros de Estado, autoridades locales y medios de comunicaci\u00f3n recorri\u00f3 los campos Apaika Producci\u00f3n y Nenke del Bloque 31 y, el campo Tiputini del Bloque 43 para verificar el estado de los proyectos y la&hellip; <a href=\"https:\/\/www.ambienteyenergia.gob.ec\/ambiente\/presidente-rafael-correa-verifico-las-salvaguardas-ambientales-implementadas-en-el-bloque-31presidente-rafael-correa-verifico-las-salvaguardas-ambientales-implementadas-en-el-bloque-31-el-presidente-r\/\">Read more &rarr;<\/a><\/p>\n","protected":false},"author":13,"featured_media":23214,"comment_status":"open","ping_status":"open","sticky":false,"template":"","format":"standard","meta":{"footnotes":""},"categories":[16,4],"tags":[],"class_list":["post-23471","post","type-post","status-publish","format-standard","has-post-thumbnail","hentry","category-comunicamos","category-noticias","xfolkentry"],"_links":{"self":[{"href":"https:\/\/www.ambienteyenergia.gob.ec\/ambiente\/wp-json\/wp\/v2\/posts\/23471","targetHints":{"allow":["GET"]}}],"collection":[{"href":"https:\/\/www.ambienteyenergia.gob.ec\/ambiente\/wp-json\/wp\/v2\/posts"}],"about":[{"href":"https:\/\/www.ambienteyenergia.gob.ec\/ambiente\/wp-json\/wp\/v2\/types\/post"}],"author":[{"embeddable":true,"href":"https:\/\/www.ambienteyenergia.gob.ec\/ambiente\/wp-json\/wp\/v2\/users\/13"}],"replies":[{"embeddable":true,"href":"https:\/\/www.ambienteyenergia.gob.ec\/ambiente\/wp-json\/wp\/v2\/comments?post=23471"}],"version-history":[{"count":0,"href":"https:\/\/www.ambienteyenergia.gob.ec\/ambiente\/wp-json\/wp\/v2\/posts\/23471\/revisions"}],"wp:featuredmedia":[{"embeddable":true,"href":"https:\/\/www.ambienteyenergia.gob.ec\/ambiente\/wp-json\/wp\/v2\/media\/23214"}],"wp:attachment":[{"href":"https:\/\/www.ambienteyenergia.gob.ec\/ambiente\/wp-json\/wp\/v2\/media?parent=23471"}],"wp:term":[{"taxonomy":"category","embeddable":true,"href":"https:\/\/www.ambienteyenergia.gob.ec\/ambiente\/wp-json\/wp\/v2\/categories?post=23471"},{"taxonomy":"post_tag","embeddable":true,"href":"https:\/\/www.ambienteyenergia.gob.ec\/ambiente\/wp-json\/wp\/v2\/tags?post=23471"}],"curies":[{"name":"wp","href":"https:\/\/api.w.org\/{rel}","templated":true}]}}