{"id":23462,"date":"2014-11-18T11:50:40","date_gmt":"2014-11-18T16:50:40","guid":{"rendered":"http:\/\/www.ambiente.gob.ec\/?p=23462"},"modified":"2014-11-18T16:52:35","modified_gmt":"2014-11-18T21:52:35","slug":"mae-supervisa-la-no-afectacion-al-ecosistema-por-embarcacion-hundida","status":"publish","type":"post","link":"https:\/\/www.ambienteyenergia.gob.ec\/ambiente\/mae-supervisa-la-no-afectacion-al-ecosistema-por-embarcacion-hundida\/","title":{"rendered":"MAE supervisa la no afectaci\u00f3n al ecosistema por embarcaci\u00f3n hundida"},"content":{"rendered":"<p style=\"text-align: justify;\">La embarcaci\u00f3n carguera San Crist\u00f3bal, misma que transportaba v\u00edveres al archipi\u00e9lago de Gal\u00e1pagos se hundi\u00f3 ayer aproximadamente a 15 millas n\u00e1uticas de la Reserva de Producci\u00f3n Faun\u00edstica Marino Costera Puntilla de Santa Elena (REMACOPSE), ubicada en el cant\u00f3n Salinas.<\/p>\n<p>Es por tal motivo que el Ministerio del Ambiente de Ecuador (MAE), a trav\u00e9s de la Subsecretar\u00eda de Gesti\u00f3n Marina y Costera (SGMC) supervisa la correcta y adecuada aplicaci\u00f3n del plan de contingencia para evitar una posible afectaci\u00f3n al ecosistema de la Reserva de Producci\u00f3n.<\/p>\n<p>\u201cLa Subsecretar\u00eda de Puertos y la Armada Nacional est\u00e1n a cargo del operativo de contingencia, pero veremos que todo se haga con precauci\u00f3n, protegiendo el ecosistema marino y sus especies, ese ser\u00e1 nuestro trabajo\u201d, dice Eli\u00e9cer Cruz, Subsecretario de Gesti\u00f3n Marina y Costera (SGMC).<\/p>\n<p>La SGMC se encuentra coordinando acciones con la Subsecretar\u00eda de Puertos para evitar que este hecho, debido a las corrientes, afecte el Refugio de Vida Silvestre Manglares El Morro o al Refugio de Vida Silvestre Isla Santa Clara, ubicados en las provincias de Guayas y El Oro, respectivamente.<\/p>\n","protected":false},"excerpt":{"rendered":"<p class=\"excerpt\">La embarcaci\u00f3n carguera San Crist\u00f3bal, misma que transportaba v\u00edveres al archipi\u00e9lago de Gal\u00e1pagos se hundi\u00f3 ayer aproximadamente a 15 millas n\u00e1uticas de la Reserva de Producci\u00f3n Faun\u00edstica Marino Costera Puntilla de Santa Elena (REMACOPSE), ubicada en el cant\u00f3n Salinas. Es por tal motivo que el Ministerio del Ambiente de Ecuador (MAE), a trav\u00e9s de la Subsecretar\u00eda de Gesti\u00f3n Marina y&hellip; <a href=\"https:\/\/www.ambienteyenergia.gob.ec\/ambiente\/mae-supervisa-la-no-afectacion-al-ecosistema-por-embarcacion-hundida\/\">Read more &rarr;<\/a><\/p>\n","protected":false},"author":13,"featured_media":22884,"comment_status":"open","ping_status":"open","sticky":false,"template":"","format":"standard","meta":{"footnotes":""},"categories":[16,4],"tags":[],"class_list":["post-23462","post","type-post","status-publish","format-standard","has-post-thumbnail","hentry","category-comunicamos","category-noticias","xfolkentry"],"_links":{"self":[{"href":"https:\/\/www.ambienteyenergia.gob.ec\/ambiente\/wp-json\/wp\/v2\/posts\/23462","targetHints":{"allow":["GET"]}}],"collection":[{"href":"https:\/\/www.ambienteyenergia.gob.ec\/ambiente\/wp-json\/wp\/v2\/posts"}],"about":[{"href":"https:\/\/www.ambienteyenergia.gob.ec\/ambiente\/wp-json\/wp\/v2\/types\/post"}],"author":[{"embeddable":true,"href":"https:\/\/www.ambienteyenergia.gob.ec\/ambiente\/wp-json\/wp\/v2\/users\/13"}],"replies":[{"embeddable":true,"href":"https:\/\/www.ambienteyenergia.gob.ec\/ambiente\/wp-json\/wp\/v2\/comments?post=23462"}],"version-history":[{"count":0,"href":"https:\/\/www.ambienteyenergia.gob.ec\/ambiente\/wp-json\/wp\/v2\/posts\/23462\/revisions"}],"wp:featuredmedia":[{"embeddable":true,"href":"https:\/\/www.ambienteyenergia.gob.ec\/ambiente\/wp-json\/wp\/v2\/media\/22884"}],"wp:attachment":[{"href":"https:\/\/www.ambienteyenergia.gob.ec\/ambiente\/wp-json\/wp\/v2\/media?parent=23462"}],"wp:term":[{"taxonomy":"category","embeddable":true,"href":"https:\/\/www.ambienteyenergia.gob.ec\/ambiente\/wp-json\/wp\/v2\/categories?post=23462"},{"taxonomy":"post_tag","embeddable":true,"href":"https:\/\/www.ambienteyenergia.gob.ec\/ambiente\/wp-json\/wp\/v2\/tags?post=23462"}],"curies":[{"name":"wp","href":"https:\/\/api.w.org\/{rel}","templated":true}]}}