{"id":23454,"date":"2014-11-18T14:00:44","date_gmt":"2014-11-18T19:00:44","guid":{"rendered":"http:\/\/www.ambiente.gob.ec\/?p=23454"},"modified":"2014-11-18T14:00:44","modified_gmt":"2014-11-18T19:00:44","slug":"mae-participa-en-evento-de-clausura-e-inicio-del-iii-ciclo-del-proyecto-servicio-civil-ciudadano","status":"publish","type":"post","link":"https:\/\/www.ambienteyenergia.gob.ec\/ambiente\/mae-participa-en-evento-de-clausura-e-inicio-del-iii-ciclo-del-proyecto-servicio-civil-ciudadano\/","title":{"rendered":"MAE participa en evento de clausura e inicio del III Ciclo del Proyecto Servicio Civil Ciudadano"},"content":{"rendered":"<p style=\"text-align: justify;\">Ayer, el Ministerio de Ambiente (MAE) particip\u00f3 en el evento de clausura del II ciclo de voluntariado y socializaci\u00f3n de resultados 2013-2014 realizado en la cuidad Mitad del Mundo. El evento cont\u00f3 con la presencia de 3 000 j\u00f3venes entre 18 a 26 a\u00f1os, de todo el pa\u00eds. Adem\u00e1s se inaugur\u00f3 el III ciclo del Proyecto Servicio Civil Ciudadano (SCC) 2014-2015.<\/p>\n<p style=\"text-align: justify;\">Con la presencia de Carlos Marx Carrasco, Ministro de Relaciones Laborales; Carina Vance, Ministra de Salud P\u00fablica; Cristina Borja Gerente del Servicio Civil Ciudadano y Cristian M\u00e9ndez, voluntario de acci\u00f3n Social Ambiente de la provincia de Imbabura, se dio inicio al evento con la exposici\u00f3n de los logros alcanzados por el proyecto en el per\u00edodo 2013-2014.<\/p>\n<p style=\"text-align: justify;\">En su intervenci\u00f3n, el Ministro de Relaciones Laborales recalc\u00f3 la importancia del voluntariado, declar\u00f3 que \u201clos j\u00f3venes son los principales actores que construyen los cimientos de su futuro y de la patria al presentar servicios de solidaridad, para la salud, el medio ambiente y seguridad ciudadana\u201d. As\u00ed mismo propuso la implantaci\u00f3n de programas de alfabetizaci\u00f3n y capacitaci\u00f3n del talento humano para el emprendimiento de productos con valor agregado.<\/p>\n<p style=\"text-align: justify;\">Daisy Romo, Coordinadora del proyecto en la provincia del Oro mencion\u00f3 el arduo trabajo que han realizado los j\u00f3venes voluntarios este a\u00f1o en proyectos como el cuidado de muelles, puertos, campa\u00f1as para mantener limpia tanto la cuidad como las playas, fomentando en la ciudadan\u00eda el cuidado por el entorno urbano y ambiental.<\/p>\n<p style=\"text-align: justify;\">\u201cEl Servicio Civil Ciudadano, ha sido una parte muy enriquecedora de mi vida puesto que he tenido la oportunidad de hacer labor social, ayudar a la gente m\u00e1s necesitada, adem\u00e1s de promover la prevenci\u00f3n y protecci\u00f3n del ambiental, entre otros aspectos\u201d recalc\u00f3 Angie Herrera, voluntaria de Los R\u00edos.<\/p>\n<p style=\"text-align: justify;\">Por su parte, Cristina Borja reconoci\u00f3 que gracias a esta iniciativa conjunta los resultados del proyecto han sido satisfactorio en todos sus \u00e1mbitos de acci\u00f3n, pues se han logrado, en materia ambiental, recoger cerca de 168 000 kilogramos de desechos, adem\u00e1s de participar en programas de reforestaci\u00f3n, gesti\u00f3n de desechos y limpieza de playas, todos estos impulsados por el Ministerio del Ambiente.<\/p>\n<p style=\"text-align: justify;\">\u201cEl objetivo del Servicio Civil Ciudadano es fomentar en la juventud ecuatoriana la vocaci\u00f3n de servicio, por medio del aporte desinteresado de los j\u00f3venes al pa\u00eds en \u00e1reas estrat\u00e9gicas para el desarrollo de nuestra naci\u00f3n\u201d, comento la principal del Proyecto SCC.<\/p>\n","protected":false},"excerpt":{"rendered":"<p class=\"excerpt\">Ayer, el Ministerio de Ambiente (MAE) particip\u00f3 en el evento de clausura del II ciclo de voluntariado y socializaci\u00f3n de resultados 2013-2014 realizado en la cuidad Mitad del Mundo. El evento cont\u00f3 con la presencia de 3 000 j\u00f3venes entre 18 a 26 a\u00f1os, de todo el pa\u00eds. Adem\u00e1s se inaugur\u00f3 el III ciclo del Proyecto Servicio Civil Ciudadano (SCC)&hellip; <a href=\"https:\/\/www.ambienteyenergia.gob.ec\/ambiente\/mae-participa-en-evento-de-clausura-e-inicio-del-iii-ciclo-del-proyecto-servicio-civil-ciudadano\/\">Read more &rarr;<\/a><\/p>\n","protected":false},"author":13,"featured_media":22752,"comment_status":"open","ping_status":"open","sticky":false,"template":"","format":"standard","meta":{"footnotes":""},"categories":[16,4],"tags":[],"class_list":["post-23454","post","type-post","status-publish","format-standard","has-post-thumbnail","hentry","category-comunicamos","category-noticias","xfolkentry"],"_links":{"self":[{"href":"https:\/\/www.ambienteyenergia.gob.ec\/ambiente\/wp-json\/wp\/v2\/posts\/23454","targetHints":{"allow":["GET"]}}],"collection":[{"href":"https:\/\/www.ambienteyenergia.gob.ec\/ambiente\/wp-json\/wp\/v2\/posts"}],"about":[{"href":"https:\/\/www.ambienteyenergia.gob.ec\/ambiente\/wp-json\/wp\/v2\/types\/post"}],"author":[{"embeddable":true,"href":"https:\/\/www.ambienteyenergia.gob.ec\/ambiente\/wp-json\/wp\/v2\/users\/13"}],"replies":[{"embeddable":true,"href":"https:\/\/www.ambienteyenergia.gob.ec\/ambiente\/wp-json\/wp\/v2\/comments?post=23454"}],"version-history":[{"count":0,"href":"https:\/\/www.ambienteyenergia.gob.ec\/ambiente\/wp-json\/wp\/v2\/posts\/23454\/revisions"}],"wp:featuredmedia":[{"embeddable":true,"href":"https:\/\/www.ambienteyenergia.gob.ec\/ambiente\/wp-json\/wp\/v2\/media\/22752"}],"wp:attachment":[{"href":"https:\/\/www.ambienteyenergia.gob.ec\/ambiente\/wp-json\/wp\/v2\/media?parent=23454"}],"wp:term":[{"taxonomy":"category","embeddable":true,"href":"https:\/\/www.ambienteyenergia.gob.ec\/ambiente\/wp-json\/wp\/v2\/categories?post=23454"},{"taxonomy":"post_tag","embeddable":true,"href":"https:\/\/www.ambienteyenergia.gob.ec\/ambiente\/wp-json\/wp\/v2\/tags?post=23454"}],"curies":[{"name":"wp","href":"https:\/\/api.w.org\/{rel}","templated":true}]}}