{"id":23446,"date":"2014-11-18T08:45:13","date_gmt":"2014-11-18T13:45:13","guid":{"rendered":"http:\/\/www.ambiente.gob.ec\/?p=23446"},"modified":"2014-11-18T08:47:15","modified_gmt":"2014-11-18T13:47:15","slug":"el-ministerio-del-ambiente-instituciones-publicas-y-la-empresa-privada-unidos-por-un-galapagoslimpio","status":"publish","type":"post","link":"https:\/\/www.ambienteyenergia.gob.ec\/ambiente\/el-ministerio-del-ambiente-instituciones-publicas-y-la-empresa-privada-unidos-por-un-galapagoslimpio\/","title":{"rendered":"El Ministerio del Ambiente, instituciones p\u00fablicas y la empresa privada, unidos por un #GalapagosLimpio"},"content":{"rendered":"<p style=\"text-align: justify;\">Hoy, el Ministerio del Ambiente del Ecuador inicia, de la mano con la ciudadan\u00eda, la campa\u00f1a de Limpieza en Gal\u00e1pagos, denominada #GalapagosLimpio. Este nueva campa\u00f1a busca informar todas las actividades ejecutadas con la finalidad de limpiar las islas de sus residuos inorg\u00e1nicos aprovechables entre los que se encuentran: neum\u00e1ticos fuera de uso (retirados en agosto y septiembre), chatarra, vidrio, papel, cart\u00f3n (que ser\u00e1n retirados del 16 al 21 de noviembre) y celulares en desuso (que se recolectar\u00e1n del 20 de noviembre al 19 de diciembre); por gestores calificados que someter\u00e1n estos residuos a nuevos procesos productivos.<\/p>\n<p style=\"text-align: justify;\">\nEs importante destacar el trabajo conjunto para la realizaci\u00f3n de este proyecto, en el cual han trabajado de la mano de la Autoridad Ambienta, los municipios de Santa Cruz, San Crist\u00f3bal e Isabela; la Armada del Ecuador, el Ministerio de Salud P\u00fablica y la empresa privada: Novacero, Enkador, Cridesa y Repapers; as\u00ed como: CNT, Claro y Movistar, bajo la coordinaci\u00f3n del MAE.<\/p>\n<p style=\"text-align: justify;\">\nComo parte de los componentes principales de este proyecto est\u00e1 la participaci\u00f3n de la ciudadan\u00eda, que se une a esta campa\u00f1a mediante la ejecuci\u00f3n de las 4Rs que promueven los Municipios de Gal\u00e1pagos y el MAE: Reducir: los residuos que se generan cada d\u00eda, Reusar: darle una segunda oportunidad a las cosas que se pueden volver a utilizar, Reciclar: disponer correctamente los residuos para ayudar a que tengan un final feliz y Rechazar todo lo que puede resultar potencialmente contaminante para el ambiente. Con esto est\u00e1 aportando a la preservaci\u00f3n de las islas encantadas, a trav\u00e9s de un adecuado manejo de los residuos.<\/p>\n<p style=\"text-align: justify;\">\nAdicionalmente, necesitamos el apoyo de los habitantes en la etapa de cierre de esta campa\u00f1a, en la que se priorizar\u00e1 la recolecci\u00f3n de celulares en desuso.<\/p>\n<p style=\"text-align: justify;\">\n<strong>\u00bfD\u00f3nde?<\/strong><\/p>\n<p style=\"text-align: justify;\">\n<strong>Santa Cruz:<\/strong><br \/>\nParque Nacional Gal\u00e1pagos, Gobierno Municipal, Hospital Rep\u00fablica del Ecuador, Mercado Municipal, Banco del Pac\u00edfico y Banco Pichincha.<\/p>\n<p style=\"text-align: justify;\">\n<strong>San Crist\u00f3bal:<\/strong><br \/>\nParque Nacional Gal\u00e1pagos, Gobierno Municipal y Supermercado Galamaxi<\/p>\n<p style=\"text-align: justify;\">\n<strong>Isabela:<\/strong><br \/>\nParque Nacional Gal\u00e1pagos y Gobierno Municipal.<\/p>\n<p style=\"text-align: justify;\">\n<strong>\u00bfCu\u00e1ndo?<\/strong><br \/>\nDel 20 de noviembre al 19 de diciembre. Precisamente, el pr\u00f3ximo jueves 20 de noviembre realizaremos una rueda de prensa, ofrecida por todos los actores de Gal\u00e1pagos Limpio, a las 17h00, en el Sal\u00f3n de los Alcaldes del Gobierno Aut\u00f3nomo Descentralizado de Santa Cruz.<\/p>\n<p style=\"text-align: justify;\">\n<strong>\u00bfC\u00f3mo?<\/strong><br \/>\nColoca un celular en desuso en una de las las 11 \u00e1nforas autorizadas en las diferentes islas y reg\u00edstrate para participar en el sorteo de una ecobike.<\/p>\n<p style=\"text-align: justify;\">\nTodas las actividades a ser ejecutadas dentro de este Plan ser\u00e1n publicadas a trav\u00e9s de nuestras redes sociales oficiales, en Twitter: @Ambiente_Ec y @MAEcuadorLimpio y en Facebook: Ambiente Ecuador.<\/p>\n<p style=\"text-align: justify;\">\n<strong>Datos importantes sobre la campa\u00f1a:<\/strong><\/p>\n<p style=\"text-align: justify;\">\n<strong>Objetivos:<\/strong><\/p>\n<ul style=\"text-align: justify;\">\n<li>Dar una segunda oportunidad a los residuos aprovechables acumulados en el Archipi\u00e9lago de Gal\u00e1pagos como: neum\u00e1ticos fuera de uso, residuos inorg\u00e1nicos aprovechables (chatarra, vidrio, cart\u00f3n y papel) y celulares en desuso con especial \u00e9nfasis en las islas con mayor cantidad de habitantes como es San Crist\u00f3bal, Santa Cuz e Isabela.<\/li>\n<\/ul>\n<ul style=\"text-align: justify;\">\n<li>Disminuir la cantidad de residuos a disponer en rellenos sanitarios minimizando los pasivos ambientales permitiendo su reciclaje en continente.<\/li>\n<\/ul>\n<p style=\"text-align: justify;\">\n","protected":false},"excerpt":{"rendered":"<p class=\"excerpt\">Hoy, el Ministerio del Ambiente del Ecuador inicia, de la mano con la ciudadan\u00eda, la campa\u00f1a de Limpieza en Gal\u00e1pagos, denominada #GalapagosLimpio. Este nueva campa\u00f1a busca informar todas las actividades ejecutadas con la finalidad de limpiar las islas de sus residuos inorg\u00e1nicos aprovechables entre los que se encuentran: neum\u00e1ticos fuera de uso (retirados en agosto y septiembre), chatarra, vidrio, papel,&hellip; <a href=\"https:\/\/www.ambienteyenergia.gob.ec\/ambiente\/el-ministerio-del-ambiente-instituciones-publicas-y-la-empresa-privada-unidos-por-un-galapagoslimpio\/\">Read more &rarr;<\/a><\/p>\n","protected":false},"author":13,"featured_media":23447,"comment_status":"open","ping_status":"open","sticky":false,"template":"","format":"standard","meta":{"footnotes":""},"categories":[16,4],"tags":[],"class_list":["post-23446","post","type-post","status-publish","format-standard","has-post-thumbnail","hentry","category-comunicamos","category-noticias","xfolkentry"],"_links":{"self":[{"href":"https:\/\/www.ambienteyenergia.gob.ec\/ambiente\/wp-json\/wp\/v2\/posts\/23446","targetHints":{"allow":["GET"]}}],"collection":[{"href":"https:\/\/www.ambienteyenergia.gob.ec\/ambiente\/wp-json\/wp\/v2\/posts"}],"about":[{"href":"https:\/\/www.ambienteyenergia.gob.ec\/ambiente\/wp-json\/wp\/v2\/types\/post"}],"author":[{"embeddable":true,"href":"https:\/\/www.ambienteyenergia.gob.ec\/ambiente\/wp-json\/wp\/v2\/users\/13"}],"replies":[{"embeddable":true,"href":"https:\/\/www.ambienteyenergia.gob.ec\/ambiente\/wp-json\/wp\/v2\/comments?post=23446"}],"version-history":[{"count":0,"href":"https:\/\/www.ambienteyenergia.gob.ec\/ambiente\/wp-json\/wp\/v2\/posts\/23446\/revisions"}],"wp:featuredmedia":[{"embeddable":true,"href":"https:\/\/www.ambienteyenergia.gob.ec\/ambiente\/wp-json\/wp\/v2\/media\/23447"}],"wp:attachment":[{"href":"https:\/\/www.ambienteyenergia.gob.ec\/ambiente\/wp-json\/wp\/v2\/media?parent=23446"}],"wp:term":[{"taxonomy":"category","embeddable":true,"href":"https:\/\/www.ambienteyenergia.gob.ec\/ambiente\/wp-json\/wp\/v2\/categories?post=23446"},{"taxonomy":"post_tag","embeddable":true,"href":"https:\/\/www.ambienteyenergia.gob.ec\/ambiente\/wp-json\/wp\/v2\/tags?post=23446"}],"curies":[{"name":"wp","href":"https:\/\/api.w.org\/{rel}","templated":true}]}}