{"id":23443,"date":"2014-11-18T08:42:29","date_gmt":"2014-11-18T13:42:29","guid":{"rendered":"http:\/\/www.ambiente.gob.ec\/?p=23443"},"modified":"2014-11-18T14:54:18","modified_gmt":"2014-11-18T19:54:18","slug":"ministra-tapia-cumplio-agenda-territorial-en-cuenca","status":"publish","type":"post","link":"https:\/\/www.ambienteyenergia.gob.ec\/ambiente\/ministra-tapia-cumplio-agenda-territorial-en-cuenca\/","title":{"rendered":"Ministra Tapia cumpli\u00f3 agenda territorial en Cuenca"},"content":{"rendered":"<p style=\"text-align: justify;\">Hoy, la Ministra del Ambiente de Ecuador, Lorena Tapia N\u00fa\u00f1ez cumpli\u00f3 agenda territorial en Cuenca, con el objetivo de impulsar la labor ambiental que esta Cartera de Estado desarrolla en Azuay, a trav\u00e9s de la implementaci\u00f3n de proyectos emblem\u00e1ticos.<\/p>\n<p>Con la participaci\u00f3n de varias autoridades provinciales, la M\u00e1xima Autoridad Ambiental inaugur\u00f3 el Aula Itinerante de Educaci\u00f3n Ambiental que en su primer d\u00eda congreg\u00f3 a m\u00e1s de 2000 ni\u00f1os de diferentes unidades educativas de la ciudad con la finalidad de generar espacios de educaci\u00f3n y conocimiento sobre la importancia del cuidado ambiental.<\/p>\n<p>La Ministra asegur\u00f3 que esta es una oportunidad de brindar a la ciudadan\u00eda espacios de participaci\u00f3n que vincule el desarrollo social y la conciencia ambiental que permitir\u00e1 que nuestra Sociedad del Buen Vivir sea un estandarte de desarrollo. \u201cEste proyecto parte de la necesidad de emprender un proceso de educaci\u00f3n ambiental y difusi\u00f3n, que a trav\u00e9s de un lenguaje cotidiano y de forma l\u00fadica, logre la vinculaci\u00f3n de la poblaci\u00f3n al manejo responsable de residuos s\u00f3lidos y que se conviertan en agentes de cambio por mejorar la calidad ambiental de su entorno\u201d.<\/p>\n<p>Los mensajes se centrar\u00e1n en la difusi\u00f3n de las pol\u00edticas que trabaja el PNGIDS-MAE y la corresponsabilidad de los ecuatorianos que indistintamente de su edad, condici\u00f3n social y econ\u00f3mica, son consumidores y generadores de residuos s\u00f3lidos. Gran parte de las actividades incluyen tecnolog\u00eda hologr\u00e1fica y en 3D, adem\u00e1s, a lo largo de todo el circuito, estar\u00e1 la presencia protag\u00f3nica del Guardi\u00e1n del Planeta de las 3R (Reusa, Reduce, Recicla), quien guiar\u00e1 virtualmente a los asistentes.<\/p>\n<p style=\"text-align: justify;\">En horas de la tarde, mediante una rueda de prensa, realizada en la Gobernaci\u00f3n del Azuay, la Secretaria de Estado dio a conocer los avances de la primera etapa del Relleno T\u00e9cnico para la Remediaci\u00f3n Ambiental para la Estabilizaci\u00f3n del Cerro Shishio, proyecto emblem\u00e1tico que se incluye dentro del plan de remediacion integral de la zona especial 1 de la Josefina.<\/p>\n<p style=\"text-align: justify;\">El Ministerio del Ambiente de Ecuador (MAE), a trav\u00e9s del Programa Nacional de Restauraci\u00f3n Forestal realizar\u00e1 \u00a0la restauraci\u00f3n y recuperaci\u00f3n de los r\u00edos Cuenca y Jadan, a m\u00e1s del monitoreo geod\u00e9sico de toda la zona con bioi ngenieria (siembra de plantas nativas).<\/p>\n<p style=\"text-align: justify;\">La recuperaci\u00f3n de pasivos ambientales de la actividad minera, en San Pedro de los Olivos y el Carmen de Bullycay se encuentran en una etapa avanzada, lo que permitir\u00e1 realizar una gesti\u00f3n ambiental integral en la zona de la Josefina que tiene previsto realizar adem\u00e1s actividades de reforestaci\u00f3n y educaci\u00f3n ambiental.<\/p>\n<p style=\"text-align: justify;\">Al finalizar su visita, la Ministra particip\u00f3 de un evento de socializaci\u00f3n de los avances del proyecto de restauraci\u00f3n forestal que se lleva a cabo en toda la provincia.<\/p>\n","protected":false},"excerpt":{"rendered":"<p class=\"excerpt\">Hoy, la Ministra del Ambiente de Ecuador, Lorena Tapia N\u00fa\u00f1ez cumpli\u00f3 agenda territorial en Cuenca, con el objetivo de impulsar la labor ambiental que esta Cartera de Estado desarrolla en Azuay, a trav\u00e9s de la implementaci\u00f3n de proyectos emblem\u00e1ticos. Con la participaci\u00f3n de varias autoridades provinciales, la M\u00e1xima Autoridad Ambiental inaugur\u00f3 el Aula Itinerante de Educaci\u00f3n Ambiental que en su&hellip; <a href=\"https:\/\/www.ambienteyenergia.gob.ec\/ambiente\/ministra-tapia-cumplio-agenda-territorial-en-cuenca\/\">Read more &rarr;<\/a><\/p>\n","protected":false},"author":13,"featured_media":23444,"comment_status":"open","ping_status":"open","sticky":false,"template":"","format":"standard","meta":{"footnotes":""},"categories":[16,4],"tags":[],"class_list":["post-23443","post","type-post","status-publish","format-standard","has-post-thumbnail","hentry","category-comunicamos","category-noticias","xfolkentry"],"_links":{"self":[{"href":"https:\/\/www.ambienteyenergia.gob.ec\/ambiente\/wp-json\/wp\/v2\/posts\/23443","targetHints":{"allow":["GET"]}}],"collection":[{"href":"https:\/\/www.ambienteyenergia.gob.ec\/ambiente\/wp-json\/wp\/v2\/posts"}],"about":[{"href":"https:\/\/www.ambienteyenergia.gob.ec\/ambiente\/wp-json\/wp\/v2\/types\/post"}],"author":[{"embeddable":true,"href":"https:\/\/www.ambienteyenergia.gob.ec\/ambiente\/wp-json\/wp\/v2\/users\/13"}],"replies":[{"embeddable":true,"href":"https:\/\/www.ambienteyenergia.gob.ec\/ambiente\/wp-json\/wp\/v2\/comments?post=23443"}],"version-history":[{"count":0,"href":"https:\/\/www.ambienteyenergia.gob.ec\/ambiente\/wp-json\/wp\/v2\/posts\/23443\/revisions"}],"wp:featuredmedia":[{"embeddable":true,"href":"https:\/\/www.ambienteyenergia.gob.ec\/ambiente\/wp-json\/wp\/v2\/media\/23444"}],"wp:attachment":[{"href":"https:\/\/www.ambienteyenergia.gob.ec\/ambiente\/wp-json\/wp\/v2\/media?parent=23443"}],"wp:term":[{"taxonomy":"category","embeddable":true,"href":"https:\/\/www.ambienteyenergia.gob.ec\/ambiente\/wp-json\/wp\/v2\/categories?post=23443"},{"taxonomy":"post_tag","embeddable":true,"href":"https:\/\/www.ambienteyenergia.gob.ec\/ambiente\/wp-json\/wp\/v2\/tags?post=23443"}],"curies":[{"name":"wp","href":"https:\/\/api.w.org\/{rel}","templated":true}]}}