{"id":23436,"date":"2014-11-17T16:33:51","date_gmt":"2014-11-17T21:33:51","guid":{"rendered":"http:\/\/www.ambiente.gob.ec\/?p=23436"},"modified":"2014-11-17T16:34:31","modified_gmt":"2014-11-17T21:34:31","slug":"mae-participa-en-el-v-congreso-mundial-de-parques-en-sidney","status":"publish","type":"post","link":"https:\/\/www.ambienteyenergia.gob.ec\/ambiente\/mae-participa-en-el-v-congreso-mundial-de-parques-en-sidney\/","title":{"rendered":"MAE participa en el V Congreso Mundial de Parques en S\u00eddney"},"content":{"rendered":"<p style=\"text-align: justify;\">El Ministerio del Ambiente de Ecuador (MAE) participa desde el pasado 12 de noviembre en el V Congreso Mundial de Parque que se realiza en S\u00eddney, Australia, mismo que fue organizado por la Uni\u00f3n Internacional para la Conservaci\u00f3n de la Naturaleza (UICN). La delegaci\u00f3n ecuatoriana esta conformada por Francisco Prieto, Director Nacional de Biodiversidad y \u00c1reas Protegidas; Arturo Izurieta, Director del Parque Nacional Gal\u00e1pagos, y Danny Rueda, Responsable de Ecosistemas.<\/p>\n<p>Este Congreso Mundial de Parques, que se realiza cada 10 a\u00f1os desde 1962, apunta a establecer bases din\u00e1micas para alcanzar objetivos de conservaci\u00f3n y desarrollo en el decenio venidero, construir nuevas alianzas y responder a lo que el mundo necesita de las \u00e1reas protegidas para alcanzar el desarrollo sostenible. Este a\u00f1o el congreso se basar\u00e1 en logros colectivos, inspir\u00e1ndose en la pr\u00f3xima generaci\u00f3n de l\u00edderes del sector de la conservaci\u00f3n.<\/p>\n<p>En esta oportunidad, el evento internacional tiene como anfitriones a los gobiernos de Australia y de Nueva Gales del Sur, siendo su tema \u201cLos parques, el planeta y nosotros: fuentes de inspiraci\u00f3n y de soluciones\u201d. En este contexto se realizar\u00e1 un balance de los avances realizados hacia la consecuci\u00f3n de los objetivos mundiales, examinar\u00e1 las amenazas a que se enfrentan actualmente las \u00e1reas protegidas y promover\u00e1 soluciones basadas en la naturaleza para las principales problem\u00e1ticas relacionadas con la sostenibilidad.<\/p>\n<p>En la sesi\u00f3n plenaria de apertura del Congreso Mundial de Parques se resalt\u00f3 el compromiso social para manejar apropiadamente las \u00e1reas protegidas y el v\u00ednculo necesario con una sociedad justa y econ\u00f3micamente sostenible sin comprometer los resultados naturales provenientes de las \u00e1reas protegidas.<\/p>\n<p>El Director del Parque Nacional Gal\u00e1pagos, Arturo Izurieta, brind\u00f3 varias exposiciones sobre el trabajo realizado en las \u00e1reas protegidas de Gal\u00e1pagos, reconocido como el archipi\u00e9lago volc\u00e1nico mejor conservado del mundo, resaltando sobretodo el acatamiento de la Reserva Marina de Gal\u00e1pagos.<\/p>\n<p>Este congreso mundial en el que est\u00e1n participando m\u00e1s de 5 mil delegados como jefes de Estado, guardaparques, dirigentes empresariales, l\u00edderes ind\u00edgenas, agencias, organizaciones no gubernamentales de m\u00e1s de 160 pa\u00edses, finalizar\u00e1 el pr\u00f3ximo 19 de noviembre.<\/p>\n<p><strong>Taller de Acatamiento de sitios de Patrimonio Mundial Marinos<\/strong><\/p>\n<p style=\"text-align: justify;\">El Centro de Patrimonio Mundial de la UNESCO y la Autoridad de la Gran Barrera de Arrecifes de Australia, realiz\u00f3 un taller pre-congreso, para fortalecer la capacidad institucional para asegurar el cumplimiento de las normas y controles de usos en cada Sitio de Patrimonio Mundial Marino.<\/p>\n<p>En este taller, Arturo Izurieta, pudo presentar las experiencias que se desarrollan dentro del \u00e1rea marina protegida de Gal\u00e1pagos a fin de fortalecer las capacidades de mediante el intercambio de conocimientos.<\/p>\n<p>Durante el desarrollo del taller, se logr\u00f3 gestionar el apoyo de la UNESCO para que dos t\u00e9cnicos guardaparques de control y vigilancia de la DPNG viajen a Australia para obtener conocimientos sobre lo que se hace en la Gran Barrera de Arrecife, as\u00ed mismo dos especialistas de Australia viajen a Gal\u00e1pagos para fortalecer nuestro sistema y capacitar al personal de guardaparques insulares.<\/p>\n","protected":false},"excerpt":{"rendered":"<p class=\"excerpt\">El Ministerio del Ambiente de Ecuador (MAE) participa desde el pasado 12 de noviembre en el V Congreso Mundial de Parque que se realiza en S\u00eddney, Australia, mismo que fue organizado por la Uni\u00f3n Internacional para la Conservaci\u00f3n de la Naturaleza (UICN). La delegaci\u00f3n ecuatoriana esta conformada por Francisco Prieto, Director Nacional de Biodiversidad y \u00c1reas Protegidas; Arturo Izurieta, Director&hellip; <a href=\"https:\/\/www.ambienteyenergia.gob.ec\/ambiente\/mae-participa-en-el-v-congreso-mundial-de-parques-en-sidney\/\">Read more &rarr;<\/a><\/p>\n","protected":false},"author":13,"featured_media":23214,"comment_status":"open","ping_status":"open","sticky":false,"template":"","format":"standard","meta":{"footnotes":""},"categories":[16,4],"tags":[],"class_list":["post-23436","post","type-post","status-publish","format-standard","has-post-thumbnail","hentry","category-comunicamos","category-noticias","xfolkentry"],"_links":{"self":[{"href":"https:\/\/www.ambienteyenergia.gob.ec\/ambiente\/wp-json\/wp\/v2\/posts\/23436","targetHints":{"allow":["GET"]}}],"collection":[{"href":"https:\/\/www.ambienteyenergia.gob.ec\/ambiente\/wp-json\/wp\/v2\/posts"}],"about":[{"href":"https:\/\/www.ambienteyenergia.gob.ec\/ambiente\/wp-json\/wp\/v2\/types\/post"}],"author":[{"embeddable":true,"href":"https:\/\/www.ambienteyenergia.gob.ec\/ambiente\/wp-json\/wp\/v2\/users\/13"}],"replies":[{"embeddable":true,"href":"https:\/\/www.ambienteyenergia.gob.ec\/ambiente\/wp-json\/wp\/v2\/comments?post=23436"}],"version-history":[{"count":0,"href":"https:\/\/www.ambienteyenergia.gob.ec\/ambiente\/wp-json\/wp\/v2\/posts\/23436\/revisions"}],"wp:featuredmedia":[{"embeddable":true,"href":"https:\/\/www.ambienteyenergia.gob.ec\/ambiente\/wp-json\/wp\/v2\/media\/23214"}],"wp:attachment":[{"href":"https:\/\/www.ambienteyenergia.gob.ec\/ambiente\/wp-json\/wp\/v2\/media?parent=23436"}],"wp:term":[{"taxonomy":"category","embeddable":true,"href":"https:\/\/www.ambienteyenergia.gob.ec\/ambiente\/wp-json\/wp\/v2\/categories?post=23436"},{"taxonomy":"post_tag","embeddable":true,"href":"https:\/\/www.ambienteyenergia.gob.ec\/ambiente\/wp-json\/wp\/v2\/tags?post=23436"}],"curies":[{"name":"wp","href":"https:\/\/api.w.org\/{rel}","templated":true}]}}