{"id":23434,"date":"2014-11-17T16:24:38","date_gmt":"2014-11-17T21:24:38","guid":{"rendered":"http:\/\/www.ambiente.gob.ec\/?p=23434"},"modified":"2014-11-18T08:14:45","modified_gmt":"2014-11-18T13:14:45","slug":"gobierno-de-alemania-apoya-proyectos-liderados-por-el-ministerio-del-ambiente-del-ecuador","status":"publish","type":"post","link":"https:\/\/www.ambienteyenergia.gob.ec\/ambiente\/gobierno-de-alemania-apoya-proyectos-liderados-por-el-ministerio-del-ambiente-del-ecuador\/","title":{"rendered":"Gobierno de Alemania apoya proyectos liderados por el Ministerio del Ambiente del Ecuador"},"content":{"rendered":"<p style=\"text-align: justify;\">La cooperaci\u00f3n entre Ecuador y Alemania en el \u00e1mbito de la investigaci\u00f3n sobre biodiversidad y cambio clim\u00e1tico y la aplicaci\u00f3n del Programa de Apoyo al Sistema Nacional de \u00c1reas Protegidas, son los temas que el Ministerio del Ambiente del Ecuador (MAE) dialogar\u00e1 con el Gobierno de Alemania dentro de la Reuni\u00f3n sobre Negociaciones Intergubernamentales sobre Cooperaci\u00f3n para el Desarrollo entre el Gobierno de la Rep\u00fablica del Ecuador y el Gobierno de la Rep\u00fablica Federal de Alemania, que se lleva a cabo este lunes 17 y martes 18 de noviembre en las instalaciones del Ministerio de Relaciones Exteriores y Movilidad Humana; con la finalidad de evaluar la situaci\u00f3n actual sobre la cooperaci\u00f3n que el Gobierno de Alemania realiza al Ecuador.<\/p>\n<p style=\"text-align: justify;\">Durante estos dos d\u00edas se tiene programado abordar temas como el Fortalecimiento de capacidades de la Gesti\u00f3n P\u00fablica para el Cambio de la Matriz Productiva; Protecci\u00f3n del medio ambiente y de los recursos naturales; Situaci\u00f3n de Programas\/Proyectos Regionales y Otras Formas de Cooperaci\u00f3n y Definici\u00f3n del Nuevo Programa de Cooperaci\u00f3n.<\/p>\n<p style=\"text-align: justify;\">En este marco, el Ministerio del Ambiente del Ecuador (MAE) expondr\u00e1 las Pol\u00edticas del Gobierno Ecuatoriano y acciones espec\u00edficas en materia ambiental, adem\u00e1s del apoyo t\u00e9cnico y financiero que el Gobierno de Alemania ha brindado a esta cartera de Estado para llevar adelante proyectos como:<\/p>\n<ul style=\"text-align: justify;\">\n<li><strong>Programa de Apoyo al Sistema Nacional de \u00c1reas Protegidas-SNAP:<\/strong> En octubre del 2014 el Ministerio del Ambiente suscribi\u00f3 un contrato de aporte financiero con el Gobierno de Alemania equivalente a 5.5 millones de euros dirigidos a este programa.<\/li>\n<li><strong>Programa Socio Bosque de Conservaci\u00f3n (REDD Socio Bosque):<\/strong> USD 28 millones invierte Alemania en el Programa Socio Bosque en un lapso de 5 a\u00f1os.<\/li>\n<li><strong>Conservaci\u00f3n de Bosques (Socio Bosque) y REDD<\/strong> <strong>+:<\/strong> El programa busca alcanzar la reducci\u00f3n de la tasa de deforestaci\u00f3n en el Ecuador equivalente a 21.5millones de euros.<\/li>\n<li><strong>Programa Reserva Bi\u00f3sfera Yasun\u00ed (RBY):<\/strong> Gobierno Federal Alem\u00e1n busca contribuir a la conservaci\u00f3n, integridad ecol\u00f3gica, cultural y desarrollo sostenible de la RBY; promoviendo adem\u00e1s la participaci\u00f3n de la comunidad.<\/li>\n<li><strong> Programa Biodiversidad, Cambio Clim\u00e1tico y Desarrollo Sostenible (ProCamB\u00edo):<\/strong> Comunidades ind\u00edgenas y organizaciones de productores implementan modelos de conservaci\u00f3n y uso sostenible de la biodiversidad considerando el cambio clim\u00e1tico.<\/li>\n<\/ul>\n<p style=\"text-align: justify;\">La cooperaci\u00f3n de Alemania equivale el 12% del presupuesto que el Ecuador maneja en temas ambientales. Mediante esta reuni\u00f3n, se espera afirmar los lazos de amistad, compromiso y de cooperaci\u00f3n entre las rep\u00fablicas del Ecuador y la Federal de Alemania.<\/p>\n","protected":false},"excerpt":{"rendered":"<p class=\"excerpt\">La cooperaci\u00f3n entre Ecuador y Alemania en el \u00e1mbito de la investigaci\u00f3n sobre biodiversidad y cambio clim\u00e1tico y la aplicaci\u00f3n del Programa de Apoyo al Sistema Nacional de \u00c1reas Protegidas, son los temas que el Ministerio del Ambiente del Ecuador (MAE) dialogar\u00e1 con el Gobierno de Alemania dentro de la Reuni\u00f3n sobre Negociaciones Intergubernamentales sobre Cooperaci\u00f3n para el Desarrollo entre&hellip; <a href=\"https:\/\/www.ambienteyenergia.gob.ec\/ambiente\/gobierno-de-alemania-apoya-proyectos-liderados-por-el-ministerio-del-ambiente-del-ecuador\/\">Read more &rarr;<\/a><\/p>\n","protected":false},"author":13,"featured_media":23440,"comment_status":"open","ping_status":"open","sticky":false,"template":"","format":"standard","meta":{"footnotes":""},"categories":[16,4],"tags":[],"class_list":["post-23434","post","type-post","status-publish","format-standard","has-post-thumbnail","hentry","category-comunicamos","category-noticias","xfolkentry"],"_links":{"self":[{"href":"https:\/\/www.ambienteyenergia.gob.ec\/ambiente\/wp-json\/wp\/v2\/posts\/23434","targetHints":{"allow":["GET"]}}],"collection":[{"href":"https:\/\/www.ambienteyenergia.gob.ec\/ambiente\/wp-json\/wp\/v2\/posts"}],"about":[{"href":"https:\/\/www.ambienteyenergia.gob.ec\/ambiente\/wp-json\/wp\/v2\/types\/post"}],"author":[{"embeddable":true,"href":"https:\/\/www.ambienteyenergia.gob.ec\/ambiente\/wp-json\/wp\/v2\/users\/13"}],"replies":[{"embeddable":true,"href":"https:\/\/www.ambienteyenergia.gob.ec\/ambiente\/wp-json\/wp\/v2\/comments?post=23434"}],"version-history":[{"count":0,"href":"https:\/\/www.ambienteyenergia.gob.ec\/ambiente\/wp-json\/wp\/v2\/posts\/23434\/revisions"}],"wp:featuredmedia":[{"embeddable":true,"href":"https:\/\/www.ambienteyenergia.gob.ec\/ambiente\/wp-json\/wp\/v2\/media\/23440"}],"wp:attachment":[{"href":"https:\/\/www.ambienteyenergia.gob.ec\/ambiente\/wp-json\/wp\/v2\/media?parent=23434"}],"wp:term":[{"taxonomy":"category","embeddable":true,"href":"https:\/\/www.ambienteyenergia.gob.ec\/ambiente\/wp-json\/wp\/v2\/categories?post=23434"},{"taxonomy":"post_tag","embeddable":true,"href":"https:\/\/www.ambienteyenergia.gob.ec\/ambiente\/wp-json\/wp\/v2\/tags?post=23434"}],"curies":[{"name":"wp","href":"https:\/\/api.w.org\/{rel}","templated":true}]}}