{"id":23425,"date":"2014-11-14T16:59:03","date_gmt":"2014-11-14T21:59:03","guid":{"rendered":"http:\/\/www.ambiente.gob.ec\/?p=23425"},"modified":"2015-03-02T11:09:41","modified_gmt":"2015-03-02T16:09:41","slug":"mae-y-upma-impulsan-campana-no-arranques-la-piel-de-los-bosques","status":"publish","type":"post","link":"https:\/\/www.ambienteyenergia.gob.ec\/ambiente\/mae-y-upma-impulsan-campana-no-arranques-la-piel-de-los-bosques\/","title":{"rendered":"MAE y UPMA impulsan campa\u00f1a \u00a1No arranques la piel de los bosques!"},"content":{"rendered":"<p style=\"text-align: justify;\">Hoy, el Ministerio de Ambiente del Ecuador (MAE), junto con la Polic\u00eda Nacional oficializaron el inicio de la campa\u00f1a \u00a1No arranques la piel de los bosques! que tiene como objetivo concienciar a la ciudadan\u00eda sobre el impacto que representa la extracci\u00f3n del musgo para la utilizaci\u00f3n domestica, especialmente en temporada navide\u00f1a. Esta iniciativa se extender\u00e1 hasta diciembre.<\/p>\n<p style=\"text-align: justify;\">Con el objetivo de evitar la remoci\u00f3n ilegal y venta de especies no maderables como musgos, l\u00edquenes, bri\u00f3fitas, y helechos, la Unidad de Protecci\u00f3n del Medio Ambiente (UPMA) realizar\u00e1 varios controles\u00a0 en carreteras, plazas, mercados y almacenes, con el apoyo de 240 uniformados a nivel nacional.<\/p>\n<p style=\"text-align: justify;\">\u201cEsta iniciativa conjunta busca incentivar en la ciudadan\u00eda la utilizaci\u00f3n de productos alternativos en este tipo de celebraciones, que a\u00f1o tras a\u00f1o han demostrado que existe una preocupaci\u00f3n por la conservaci\u00f3n de nuestros recursos naturales\u201d, resalt\u00f3 Wilson Rojas, Director Nacional de Biodiversidad en la rueda de prensa para dar a conocer los objetivos de la campa\u00f1a.<\/p>\n<p style=\"text-align: justify;\">La extracci\u00f3n del musgo del medio natural afecta la din\u00e1mica poblacional de los ecosistemas h\u00famedos, puesto que desequilibra el ciclo hidrol\u00f3gico en el lugar de extracci\u00f3n contribuyendo a la disminuci\u00f3n del recurso agua, la desprotecci\u00f3n y posterior desertificaci\u00f3n y erosi\u00f3n de los suelos, la disminuci\u00f3n del h\u00e1bitat de la microfauna silvestre, la reducci\u00f3n de la biodiversidad y el deterioro del paisaje.<\/p>\n<p style=\"text-align: justify;\">El objetivo principal del MAE es difundir la importancia del uso sustentable de musgo en las festividades navide\u00f1as, adem\u00e1s de fomentar la utilizaci\u00f3n materiales reusables como arena y piedras, aserr\u00edn y viruta de madera, cart\u00f3n y papel reciclado, as\u00ed como, recortes de telas, hojas ca\u00eddas de \u00e1rboles y fibras artificiales, entre otros.<\/p>\n<p style=\"text-align: justify;\">Por su parte Giovanna P\u00e9rez Valencia, Capit\u00e1n de Polic\u00eda y Jefe del Departamento del \u00c1rea de Protecci\u00f3n del Medio Ambiente explic\u00f3 sobre los operativos de decomiso y retiros del musgo, amparados en los art\u00edculos 247 sobre Delitos contra la flora y fauna silvestres del C\u00f3digo Org\u00e1nico Integral Penal (COIP) y el art\u00edculo 80\u00a0 Ley Forestal y de conservaci\u00f3n de \u00e1reas naturales y vida silvestre. \u201cEste es un llamado a la comunidad para que se abstenga de la utilizaci\u00f3n de esta planta y recurran a materiales alternativos.\u201d<\/p>\n<p style=\"text-align: justify;\">El Ministerio de Ambiente y la UPMA desarrollan iniciativas conjuntas para la protecci\u00f3n de bosques con el prop\u00f3sitos consolidar pol\u00edticas de protecci\u00f3n de recursos naturales y as\u00ed mantener un equilibrio necesario en ecosistemas fr\u00e1giles.<\/p>\n<p style=\"text-align: justify;\">SJ<\/p>\n","protected":false},"excerpt":{"rendered":"<p class=\"excerpt\">Hoy, el Ministerio de Ambiente del Ecuador (MAE), junto con la Polic\u00eda Nacional oficializaron el inicio de la campa\u00f1a \u00a1No arranques la piel de los bosques! que tiene como objetivo concienciar a la ciudadan\u00eda sobre el impacto que representa la extracci\u00f3n del musgo para la utilizaci\u00f3n domestica, especialmente en temporada navide\u00f1a. Esta iniciativa se extender\u00e1 hasta diciembre. Con el objetivo&hellip; <a href=\"https:\/\/www.ambienteyenergia.gob.ec\/ambiente\/mae-y-upma-impulsan-campana-no-arranques-la-piel-de-los-bosques\/\">Read more &rarr;<\/a><\/p>\n","protected":false},"author":13,"featured_media":23214,"comment_status":"open","ping_status":"open","sticky":false,"template":"","format":"standard","meta":{"footnotes":""},"categories":[16,4],"tags":[],"class_list":["post-23425","post","type-post","status-publish","format-standard","has-post-thumbnail","hentry","category-comunicamos","category-noticias","xfolkentry"],"_links":{"self":[{"href":"https:\/\/www.ambienteyenergia.gob.ec\/ambiente\/wp-json\/wp\/v2\/posts\/23425","targetHints":{"allow":["GET"]}}],"collection":[{"href":"https:\/\/www.ambienteyenergia.gob.ec\/ambiente\/wp-json\/wp\/v2\/posts"}],"about":[{"href":"https:\/\/www.ambienteyenergia.gob.ec\/ambiente\/wp-json\/wp\/v2\/types\/post"}],"author":[{"embeddable":true,"href":"https:\/\/www.ambienteyenergia.gob.ec\/ambiente\/wp-json\/wp\/v2\/users\/13"}],"replies":[{"embeddable":true,"href":"https:\/\/www.ambienteyenergia.gob.ec\/ambiente\/wp-json\/wp\/v2\/comments?post=23425"}],"version-history":[{"count":0,"href":"https:\/\/www.ambienteyenergia.gob.ec\/ambiente\/wp-json\/wp\/v2\/posts\/23425\/revisions"}],"wp:featuredmedia":[{"embeddable":true,"href":"https:\/\/www.ambienteyenergia.gob.ec\/ambiente\/wp-json\/wp\/v2\/media\/23214"}],"wp:attachment":[{"href":"https:\/\/www.ambienteyenergia.gob.ec\/ambiente\/wp-json\/wp\/v2\/media?parent=23425"}],"wp:term":[{"taxonomy":"category","embeddable":true,"href":"https:\/\/www.ambienteyenergia.gob.ec\/ambiente\/wp-json\/wp\/v2\/categories?post=23425"},{"taxonomy":"post_tag","embeddable":true,"href":"https:\/\/www.ambienteyenergia.gob.ec\/ambiente\/wp-json\/wp\/v2\/tags?post=23425"}],"curies":[{"name":"wp","href":"https:\/\/api.w.org\/{rel}","templated":true}]}}