{"id":23422,"date":"2014-11-14T16:08:47","date_gmt":"2014-11-14T21:08:47","guid":{"rendered":"http:\/\/www.ambiente.gob.ec\/?p=23422"},"modified":"2014-11-14T16:08:47","modified_gmt":"2014-11-14T21:08:47","slug":"el-ministerio-del-ambiente-y-continental-tire-andina-presentaron-un-plan-integral-de-reciclaje-de-neumaticos-fuera-de-uso","status":"publish","type":"post","link":"https:\/\/www.ambienteyenergia.gob.ec\/ambiente\/el-ministerio-del-ambiente-y-continental-tire-andina-presentaron-un-plan-integral-de-reciclaje-de-neumaticos-fuera-de-uso\/","title":{"rendered":"El Ministerio del Ambiente y Continental Tire Andina presentaron un Plan Integral de Reciclaje de Neum\u00e1ticos Fuera de Uso"},"content":{"rendered":"<p style=\"text-align: justify;\">El Ministerio del Ambiente (MAE) y la empresa Continental Tire Andina oficializaron este viernes 14 el proyecto de reciclaje de neum\u00e1ticos fuera de uso (NFU), el cual se est\u00e1 aplicando en las ciudades de Quito, Guayaquil y Cuenca, desde mediados de este a\u00f1o.<\/p>\n<p style=\"text-align: justify;\">Este evento cont\u00f3 con la presencia de la Ministra Lorena Tapia y el Presidente Ejecutivo de Continental Tire Andina, Philipp von Hirschheydt.<\/p>\n<p style=\"text-align: justify;\">El lanzamiento de este proyecto se enmarca en el cumplimiento del Acuerdo Ministerial 020 del MAE, el cual\u00a0 establece el principio de responsabilidad extendida del productor o importador de neum\u00e1ticos en todo el ciclo de vida del producto, incluso cuando se convierten en un residuo; de este modo los importadores y productores deben implementar mecanismos de recuperaci\u00f3n de los neum\u00e1ticos usados\u00a0 y entregarlos a gestores ambientales.\u00a0 \u201cDesde la d\u00e9cada de los 90 contamos con una pol\u00edtica de reciclaje y cuidado del ambiente. Por eso estamos contentos de que Ecuador tenga una normativa legal que regule e incentive actividades de reciclaje. Cuenten con nuestro apoyo para desarrollar este plan y a la vez apelamos por que se integren a todos los actores de la industria\u201d, dijo el Presidente Ejecutivo de Continental Tire Andina.<\/p>\n<p style=\"text-align: justify;\">En lo que va de este a\u00f1o existen m\u00e1s de 650 puntos de recuperaci\u00f3n de neum\u00e1ticos usados a nivel nacional, donde la ciudadan\u00eda puede entregar sus llantas usadas para que sean recicladas. Para este a\u00f1o, se prev\u00e9 recuperar y dar gesti\u00f3n alrededor de 750.000 neum\u00e1ticos usados.<\/p>\n<p style=\"text-align: justify;\">\nLa primera autoridad de esta cartera de Estado resalt\u00f3 el esfuerzo de los empresarios para cumplir con la pol\u00edtica ambiental y su compromiso por lograr un Ecuador sostenible y que se preocupa por el cuidado ambiental. \u201cDebemos pensar en metas grandes y ambiciosas porque solo as\u00ed el pa\u00eds seguir\u00e1 siendo ejemplo para otras naciones que trabajan d\u00eda a d\u00eda en dar soluci\u00f3n al problema acuciante de la gesti\u00f3n de los residuos s\u00f3lidos\u201d.<\/p>\n<p style=\"text-align: justify;\">\nA nivel mundial el caucho reciclado ha sido reconocido para diversos usos en la industria cementera y de la construcci\u00f3n. Es por eso que, en Ecuador, desde el MAE se coordina con el Ministerio de Transporte y Obras P\u00fablicas para aplicaci\u00f3n de polvo de caucho en industria vial (mezclas asfalto-caucho) y se realizan mesas de trabajo con cementeras para impulsar el coprocesamiento de neum\u00e1ticos fuera de uso como combustible alternativo, esperando ser ejecutado a partir del 2017. Todo esto en el marco del cambio de la matriz productiva que lleva adelante el pa\u00eds.<\/p>\n","protected":false},"excerpt":{"rendered":"<p class=\"excerpt\">El Ministerio del Ambiente (MAE) y la empresa Continental Tire Andina oficializaron este viernes 14 el proyecto de reciclaje de neum\u00e1ticos fuera de uso (NFU), el cual se est\u00e1 aplicando en las ciudades de Quito, Guayaquil y Cuenca, desde mediados de este a\u00f1o. Este evento cont\u00f3 con la presencia de la Ministra Lorena Tapia y el Presidente Ejecutivo de Continental&hellip; <a href=\"https:\/\/www.ambienteyenergia.gob.ec\/ambiente\/el-ministerio-del-ambiente-y-continental-tire-andina-presentaron-un-plan-integral-de-reciclaje-de-neumaticos-fuera-de-uso\/\">Read more &rarr;<\/a><\/p>\n","protected":false},"author":13,"featured_media":23423,"comment_status":"open","ping_status":"open","sticky":false,"template":"","format":"standard","meta":{"footnotes":""},"categories":[16,4],"tags":[],"class_list":["post-23422","post","type-post","status-publish","format-standard","has-post-thumbnail","hentry","category-comunicamos","category-noticias","xfolkentry"],"_links":{"self":[{"href":"https:\/\/www.ambienteyenergia.gob.ec\/ambiente\/wp-json\/wp\/v2\/posts\/23422","targetHints":{"allow":["GET"]}}],"collection":[{"href":"https:\/\/www.ambienteyenergia.gob.ec\/ambiente\/wp-json\/wp\/v2\/posts"}],"about":[{"href":"https:\/\/www.ambienteyenergia.gob.ec\/ambiente\/wp-json\/wp\/v2\/types\/post"}],"author":[{"embeddable":true,"href":"https:\/\/www.ambienteyenergia.gob.ec\/ambiente\/wp-json\/wp\/v2\/users\/13"}],"replies":[{"embeddable":true,"href":"https:\/\/www.ambienteyenergia.gob.ec\/ambiente\/wp-json\/wp\/v2\/comments?post=23422"}],"version-history":[{"count":0,"href":"https:\/\/www.ambienteyenergia.gob.ec\/ambiente\/wp-json\/wp\/v2\/posts\/23422\/revisions"}],"wp:featuredmedia":[{"embeddable":true,"href":"https:\/\/www.ambienteyenergia.gob.ec\/ambiente\/wp-json\/wp\/v2\/media\/23423"}],"wp:attachment":[{"href":"https:\/\/www.ambienteyenergia.gob.ec\/ambiente\/wp-json\/wp\/v2\/media?parent=23422"}],"wp:term":[{"taxonomy":"category","embeddable":true,"href":"https:\/\/www.ambienteyenergia.gob.ec\/ambiente\/wp-json\/wp\/v2\/categories?post=23422"},{"taxonomy":"post_tag","embeddable":true,"href":"https:\/\/www.ambienteyenergia.gob.ec\/ambiente\/wp-json\/wp\/v2\/tags?post=23422"}],"curies":[{"name":"wp","href":"https:\/\/api.w.org\/{rel}","templated":true}]}}