{"id":23418,"date":"2014-11-14T10:17:01","date_gmt":"2014-11-14T15:17:01","guid":{"rendered":"http:\/\/www.ambiente.gob.ec\/?p=23418"},"modified":"2014-11-14T12:17:18","modified_gmt":"2014-11-14T17:17:18","slug":"mae-expone-oportunidades-de-trabajo-en-terminos-de-transporte-de-carga-en-el-contexto-de-la-gestion-frente-al-cambio-climatico","status":"publish","type":"post","link":"https:\/\/www.ambienteyenergia.gob.ec\/ambiente\/mae-expone-oportunidades-de-trabajo-en-terminos-de-transporte-de-carga-en-el-contexto-de-la-gestion-frente-al-cambio-climatico\/","title":{"rendered":"MAE expone oportunidades de trabajo en t\u00e9rminos de transporte de carga en el contexto de la gesti\u00f3n frente al cambio clim\u00e1tico"},"content":{"rendered":"<p style=\"text-align: justify;\">El Ministerio del Ambiente de Ecuador (MAE), a trav\u00e9s de la Subsecretar\u00eda de Cambio Clim\u00e1tico, particip\u00f3 en el taller de Automotores Seguros, en el marco de la semana de Seguridad Vial, organizada por el Ministerio de Transporte y Obras P\u00fablicas y la Agencia Nacional de Tr\u00e1nsito.<\/p>\n<p>Laura Salgado, Coordinadora de la Unidad de Control y Gesti\u00f3n de la Mitigaci\u00f3n del Cambio Clim\u00e1tico, recalc\u00f3 que el cambio clim\u00e1tico es un problema transversal, principalmente por la afectaci\u00f3n al sector o por el aporte de \u00e9ste al inventario de gases de efecto invernadero (GEI).<\/p>\n<p>Salgado present\u00f3 las medidas de eficiencia energ\u00e9tica en el sector transporte y los beneficios potenciales de su implementaci\u00f3n. Por ejemplo, la implementaci\u00f3n del sistema de revisi\u00f3n vehicular obligatorio, el cual permitir\u00eda una formalizaci\u00f3n de las diferentes cooperativas, a m\u00e1s de conocer las condiciones bajo las que operan los veh\u00edculos para identificar las oportunidades de un cambio tecnol\u00f3gico y as\u00ed conseguir veh\u00edculos m\u00e1s eficientes que operen bajo condiciones de seguridad y eficiencia.<\/p>\n<p>\u201cEl cambio tecnol\u00f3gico requiere de una normativa acompa\u00f1ada, de un plan de mejoramiento de combustibles, para esto se requiere de un plan de incentivos que facilite a los usuarios el cambio de veh\u00edculos\u201d, recalc\u00f3 Laura Salgado.<\/p>\n<p>De acuerdo a los escenarios de reducci\u00f3n de emisiones de GEI, identificados por el Instituto Nacional de Energ\u00eda Renovable (INER), con la renovaci\u00f3n del 30% de la flota del tama\u00f1o actual, y la optimizaci\u00f3n de viajes por recorrido se conseguir\u00eda un ahorro de 25,63% en combustibles, 231,6 millones por eficiencia en la flota y 425,3 millones por eficiencia en los viajes.<\/p>\n<p>\u201cPlantear medidas de mitigaci\u00f3n del cambio clim\u00e1tico desde transporte le trae al pa\u00eds beneficios sociales, econ\u00f3micos y ambientales que son importantes y aportan a lo previsto en las prioridades de desarrollo del pa\u00eds, como el cambio en la matriz productiva y energ\u00e9tica, iniciativas impulsadas por el Gobierno Central, que tienen como objetivo consolidar la Sociedad del Buen Vivir\u201d, finaliz\u00f3 Salgado.<\/p>\n","protected":false},"excerpt":{"rendered":"<p class=\"excerpt\">El Ministerio del Ambiente de Ecuador (MAE), a trav\u00e9s de la Subsecretar\u00eda de Cambio Clim\u00e1tico, particip\u00f3 en el taller de Automotores Seguros, en el marco de la semana de Seguridad Vial, organizada por el Ministerio de Transporte y Obras P\u00fablicas y la Agencia Nacional de Tr\u00e1nsito. Laura Salgado, Coordinadora de la Unidad de Control y Gesti\u00f3n de la Mitigaci\u00f3n del&hellip; <a href=\"https:\/\/www.ambienteyenergia.gob.ec\/ambiente\/mae-expone-oportunidades-de-trabajo-en-terminos-de-transporte-de-carga-en-el-contexto-de-la-gestion-frente-al-cambio-climatico\/\">Read more &rarr;<\/a><\/p>\n","protected":false},"author":13,"featured_media":23419,"comment_status":"open","ping_status":"open","sticky":false,"template":"","format":"standard","meta":{"footnotes":""},"categories":[16,4],"tags":[],"class_list":["post-23418","post","type-post","status-publish","format-standard","has-post-thumbnail","hentry","category-comunicamos","category-noticias","xfolkentry"],"_links":{"self":[{"href":"https:\/\/www.ambienteyenergia.gob.ec\/ambiente\/wp-json\/wp\/v2\/posts\/23418","targetHints":{"allow":["GET"]}}],"collection":[{"href":"https:\/\/www.ambienteyenergia.gob.ec\/ambiente\/wp-json\/wp\/v2\/posts"}],"about":[{"href":"https:\/\/www.ambienteyenergia.gob.ec\/ambiente\/wp-json\/wp\/v2\/types\/post"}],"author":[{"embeddable":true,"href":"https:\/\/www.ambienteyenergia.gob.ec\/ambiente\/wp-json\/wp\/v2\/users\/13"}],"replies":[{"embeddable":true,"href":"https:\/\/www.ambienteyenergia.gob.ec\/ambiente\/wp-json\/wp\/v2\/comments?post=23418"}],"version-history":[{"count":0,"href":"https:\/\/www.ambienteyenergia.gob.ec\/ambiente\/wp-json\/wp\/v2\/posts\/23418\/revisions"}],"wp:featuredmedia":[{"embeddable":true,"href":"https:\/\/www.ambienteyenergia.gob.ec\/ambiente\/wp-json\/wp\/v2\/media\/23419"}],"wp:attachment":[{"href":"https:\/\/www.ambienteyenergia.gob.ec\/ambiente\/wp-json\/wp\/v2\/media?parent=23418"}],"wp:term":[{"taxonomy":"category","embeddable":true,"href":"https:\/\/www.ambienteyenergia.gob.ec\/ambiente\/wp-json\/wp\/v2\/categories?post=23418"},{"taxonomy":"post_tag","embeddable":true,"href":"https:\/\/www.ambienteyenergia.gob.ec\/ambiente\/wp-json\/wp\/v2\/tags?post=23418"}],"curies":[{"name":"wp","href":"https:\/\/api.w.org\/{rel}","templated":true}]}}