{"id":23407,"date":"2014-11-10T12:29:56","date_gmt":"2014-11-10T17:29:56","guid":{"rendered":"http:\/\/www.ambiente.gob.ec\/?p=23407"},"modified":"2014-11-13T12:30:22","modified_gmt":"2014-11-13T17:30:22","slug":"ministerio-del-ambiente-presenta-aula-de-educacion-ambiental-con-tecnologia-interactiva-en-quevedo","status":"publish","type":"post","link":"https:\/\/www.ambienteyenergia.gob.ec\/ambiente\/ministerio-del-ambiente-presenta-aula-de-educacion-ambiental-con-tecnologia-interactiva-en-quevedo\/","title":{"rendered":"Ministerio del Ambiente presenta aula de educaci\u00f3n ambiental con tecnolog\u00eda interactiva en Quevedo"},"content":{"rendered":"<p style=\"text-align: justify;\">Del 9 al 11 de noviembre, el Ministerio del Ambiente (MAE) llega al Complejo Deportivo Municipal de Quevedo, con su proyecto: \u201cAula de Educaci\u00f3n Ambiental\u201d con tecnolog\u00eda interactiva.<\/p>\n<p style=\"text-align: justify;\">Del 31 de octubre al 4 de noviembre, el aula estuvo en Guayaquil logrando la asistencia de 15.273 personas, y se espera que en la ciudad de Quevedo sea de 5.000 visitantes.<\/p>\n<p style=\"text-align: justify;\">A trav\u00e9s del Aula de Educaci\u00f3n Ambiental, el MAE busca difundir y socializar las acciones que realiza a trav\u00e9s de su Programa Nacional de Gesti\u00f3n Integral de Desechos S\u00f3lidos (MAE &#8211; PNGIDS). En \u00e9sta se expondr\u00e1n temas sobre el manejo de residuos s\u00f3lidos en todas sus etapas, como: la generaci\u00f3n de desechos s\u00f3lidos, separaci\u00f3n en la fuente, recolecci\u00f3n, aprovechamiento, reciclaje y disposici\u00f3n final.<\/p>\n<p style=\"text-align: justify;\">Alrededor de 80 personas trabajaron en la producci\u00f3n del proyecto, y otras 35 en el montaje de la estructura.Lo que facilita el montaje y desmontaje del aula es un sistema constructivo de aluminio desarmable, desarrollado en Ecuador, con caracter\u00edsticas reusables y f\u00e1cilmente montable, desmontable y transportable.<\/p>\n<p style=\"text-align: justify;\">Para hacer el piso se utiliz\u00f3 caucho de llanta triturado, las paredes est\u00e1n formadas de l\u00e1minas de policarbonato, livianas y 100% reciclables, y el revestimiento de las paredes ac\u00fasticas est\u00e1 elaborado de papel prensado proveniente de las bandejas de huevos. Adem\u00e1s, se utiliz\u00f3 otros materiales como hierro y cemento en peque\u00f1as proporciones. Los elementos decorativos incluyen materiales reutilizados, reutilizables y reciclados de pl\u00e1stico, tetrapack, aluminio, madera, entre otros<\/p>\n<p style=\"text-align: justify;\">Este proyecto parte de la necesidad de emprender un proceso de educaci\u00f3n ambiental y difusi\u00f3n, que a trav\u00e9s de un lenguaje cotidiano y de forma l\u00fadica, logre la vinculaci\u00f3n de la poblaci\u00f3n al manejo responsable de residuos s\u00f3lidos y que se conviertan en agentes de cambio por mejorar la calidad ambiental de su entorno.<\/p>\n<p style=\"text-align: justify;\">La tecnolog\u00eda es el eje fundamental. Las actividades incluyen tecnolog\u00eda hologr\u00e1fica, proyecciones en 3D, juegos con sensores de movimiento, animaciones y programaciones t\u00e1ctiles. A lo largo de todo el circuitoestar\u00e1 la presencia protag\u00f3nica del \u201cGuardi\u00e1n del Planeta\u201d de las 3R\u2019s Reduce, Reusa y Recicla, quien guiar\u00e1 virtualmente a los asistentes.<\/p>\n<p style=\"text-align: justify;\">Se estima que el Aula de Educaci\u00f3n Ambiental impacte a 30.000 personas de forma indirecta y otras 114.000 indirectamente. El prop\u00f3sito es vincular a los asistentes con las redes sociales, subiendo fotos y\/o testimoniales al fan page MAE EDUCA, y as\u00ed viralizar el aprendizaje recibido. El aula m\u00f3vil de educaci\u00f3n ambiental va dirigida a j\u00f3venes y ni\u00f1os como l\u00edderes del mensaje de conservaci\u00f3n ambiental en las familias.<\/p>\n<p style=\"text-align: justify;\">Adicionalmente, se desarrollar\u00e1n otroseventos de socializaci\u00f3n ambiental en Quevedo y Cuenca, dirigidos a los 221 Gobiernos Aut\u00f3nomos Descentralizados (GADs) Municipales, donde se expondr\u00e1n los resultados y productos generados por el PNGIDS-MAE. En Quito se realizar\u00e1 un evento p\u00fablico de difusi\u00f3n de productos generados por estas entidades. La iniciativa pretende abarcar paulatinamente las principales ciudades del pa\u00eds.<\/p>\n<p style=\"text-align: justify;\">Esta es la fecha de la siguiente actividad:<\/p>\n<ul style=\"text-align: justify;\">\n<li>16 &#8211; 19 de noviembre (Cuenca), en el Parque de la Madre.<\/li>\n<\/ul>\n<p style=\"text-align: justify;\">El horario de atenci\u00f3n ser\u00e1 de 8 am a 6 pm. El ingreso ser\u00e1 gratuito. Las instituciones educativas interesadas en participar, deber\u00e1n inscribirse a trav\u00e9s de las redes sociales del evento Facebook MAE EDUCA, Twitter MAE<\/p>\n","protected":false},"excerpt":{"rendered":"<p class=\"excerpt\">Del 9 al 11 de noviembre, el Ministerio del Ambiente (MAE) llega al Complejo Deportivo Municipal de Quevedo, con su proyecto: \u201cAula de Educaci\u00f3n Ambiental\u201d con tecnolog\u00eda interactiva. Del 31 de octubre al 4 de noviembre, el aula estuvo en Guayaquil logrando la asistencia de 15.273 personas, y se espera que en la ciudad de Quevedo sea de 5.000 visitantes.&hellip; <a href=\"https:\/\/www.ambienteyenergia.gob.ec\/ambiente\/ministerio-del-ambiente-presenta-aula-de-educacion-ambiental-con-tecnologia-interactiva-en-quevedo\/\">Read more &rarr;<\/a><\/p>\n","protected":false},"author":13,"featured_media":23214,"comment_status":"open","ping_status":"open","sticky":false,"template":"","format":"standard","meta":{"footnotes":""},"categories":[16,4],"tags":[],"class_list":["post-23407","post","type-post","status-publish","format-standard","has-post-thumbnail","hentry","category-comunicamos","category-noticias","xfolkentry"],"_links":{"self":[{"href":"https:\/\/www.ambienteyenergia.gob.ec\/ambiente\/wp-json\/wp\/v2\/posts\/23407","targetHints":{"allow":["GET"]}}],"collection":[{"href":"https:\/\/www.ambienteyenergia.gob.ec\/ambiente\/wp-json\/wp\/v2\/posts"}],"about":[{"href":"https:\/\/www.ambienteyenergia.gob.ec\/ambiente\/wp-json\/wp\/v2\/types\/post"}],"author":[{"embeddable":true,"href":"https:\/\/www.ambienteyenergia.gob.ec\/ambiente\/wp-json\/wp\/v2\/users\/13"}],"replies":[{"embeddable":true,"href":"https:\/\/www.ambienteyenergia.gob.ec\/ambiente\/wp-json\/wp\/v2\/comments?post=23407"}],"version-history":[{"count":0,"href":"https:\/\/www.ambienteyenergia.gob.ec\/ambiente\/wp-json\/wp\/v2\/posts\/23407\/revisions"}],"wp:featuredmedia":[{"embeddable":true,"href":"https:\/\/www.ambienteyenergia.gob.ec\/ambiente\/wp-json\/wp\/v2\/media\/23214"}],"wp:attachment":[{"href":"https:\/\/www.ambienteyenergia.gob.ec\/ambiente\/wp-json\/wp\/v2\/media?parent=23407"}],"wp:term":[{"taxonomy":"category","embeddable":true,"href":"https:\/\/www.ambienteyenergia.gob.ec\/ambiente\/wp-json\/wp\/v2\/categories?post=23407"},{"taxonomy":"post_tag","embeddable":true,"href":"https:\/\/www.ambienteyenergia.gob.ec\/ambiente\/wp-json\/wp\/v2\/tags?post=23407"}],"curies":[{"name":"wp","href":"https:\/\/api.w.org\/{rel}","templated":true}]}}