{"id":23386,"date":"2014-11-13T10:25:47","date_gmt":"2014-11-13T15:25:47","guid":{"rendered":"http:\/\/www.ambiente.gob.ec\/?p=23386"},"modified":"2014-11-13T10:25:47","modified_gmt":"2014-11-13T15:25:47","slug":"avances-en-la-implementacion-de-la-guia-de-cambio-climatico-en-los-planes-de-desarrollo-y-ordenamiento-territorial-en-los-gad-de-tungurahua","status":"publish","type":"post","link":"https:\/\/www.ambienteyenergia.gob.ec\/ambiente\/avances-en-la-implementacion-de-la-guia-de-cambio-climatico-en-los-planes-de-desarrollo-y-ordenamiento-territorial-en-los-gad-de-tungurahua\/","title":{"rendered":"Avances en la implementaci\u00f3n de la Gu\u00eda de Cambio Clim\u00e1tico en los Planes de Desarrollo y Ordenamiento Territorial en los GAD de Tungurahua"},"content":{"rendered":"<p style=\"text-align: justify;\">La Mesa de Planificaci\u00f3n del Gobierno Aut\u00f3nomo Descentralizado Provincial de Tungurahua, realiz\u00f3 un taller participativo para revisar la informaci\u00f3n levantada sobre tendencias y amenazas del cambio clim\u00e1tico que ser\u00e1n incorporadas en los Planes de Desarrollo y Ordenamiento Territorial ( PDOT ) de los GAD de Tungurahua, estos planes se presentar\u00e1n a SENPLADES .<\/p>\n<p>Con esta actividad, el GAD Provincial de Tungurahua tiene cubiertos los siguientes pasos en cuanto a la elaboracion de sus Planes de Cambio Clim\u00e1tico: socializaci\u00f3n y presentaci\u00f3n de la Gu\u00eda, identificaci\u00f3n y acercamiento con los actores, posicionamiento en territorio, conformaci\u00f3n del equipo t\u00e9cnico, introducci\u00f3n y capacitaciones sobre Cambio Clim\u00e1tico, levantamiento y sistematizaci\u00f3n de informaci\u00f3n sobre tendencias clim\u00e1ticas y de emisi\u00f3n de Gases de Efecto Invernadero ( GEI ).<\/p>\n<p>Los GAD cantonales se encuentran ajustando los diagn\u00f3sticos de los PDyOT que se presentar\u00e1n ante SENPLADEs , para posteriormente proceder a armar la primera parte del Plan de Cambio Clim\u00e1tico, que ser\u00e1 revisado en el siguiente encuentro de la Mesa de Planificaci\u00f3n Provincial.<\/p>\n<p>El proyecto Gesti\u00f3n de la Adaptaci\u00f3n al Cambio Clim\u00e1tico ( GACC ) de la Subsecretar\u00eda de Cambio Clim\u00e1tico del MAE se encuentra trabajando en Coordinaci\u00f3n con la Mesa de Planificaci\u00f3n de la Provincia que est\u00e1 conformada por los 9 cantones y el Consorcio de Gobiernos Parroquiales de Tungurahua y los t\u00e9cnicos de Planificaci\u00f3n del GAD Provincial, adem\u00e1s se cuenta con el apoyo de Cooperaci\u00f3n Alemana al Desarrollo ( GIZ , por sus siglas en alem\u00e1n), Consorcio para el Desarrollo Sostenible de la Ecorregi\u00f3n Andina ( CONDESAN ), Fondo Mundial para la Naturaleza ( WWF , por sus siglas en ingl\u00e9s), la Direcci\u00f3n de Recursos H\u00eddricos y Gesti\u00f3n Ambiental del GAD Tungurahua y el Fondo de manejo de p\u00e1ramos y lucha contra la pobreza.<\/p>\n","protected":false},"excerpt":{"rendered":"<p class=\"excerpt\">La Mesa de Planificaci\u00f3n del Gobierno Aut\u00f3nomo Descentralizado Provincial de Tungurahua, realiz\u00f3 un taller participativo para revisar la informaci\u00f3n levantada sobre tendencias y amenazas del cambio clim\u00e1tico que ser\u00e1n incorporadas en los Planes de Desarrollo y Ordenamiento Territorial ( PDOT ) de los GAD de Tungurahua, estos planes se presentar\u00e1n a SENPLADES . Con esta actividad, el GAD Provincial de&hellip; <a href=\"https:\/\/www.ambienteyenergia.gob.ec\/ambiente\/avances-en-la-implementacion-de-la-guia-de-cambio-climatico-en-los-planes-de-desarrollo-y-ordenamiento-territorial-en-los-gad-de-tungurahua\/\">Read more &rarr;<\/a><\/p>\n","protected":false},"author":13,"featured_media":23387,"comment_status":"open","ping_status":"open","sticky":false,"template":"","format":"standard","meta":{"footnotes":""},"categories":[16,4],"tags":[],"class_list":["post-23386","post","type-post","status-publish","format-standard","has-post-thumbnail","hentry","category-comunicamos","category-noticias","xfolkentry"],"_links":{"self":[{"href":"https:\/\/www.ambienteyenergia.gob.ec\/ambiente\/wp-json\/wp\/v2\/posts\/23386","targetHints":{"allow":["GET"]}}],"collection":[{"href":"https:\/\/www.ambienteyenergia.gob.ec\/ambiente\/wp-json\/wp\/v2\/posts"}],"about":[{"href":"https:\/\/www.ambienteyenergia.gob.ec\/ambiente\/wp-json\/wp\/v2\/types\/post"}],"author":[{"embeddable":true,"href":"https:\/\/www.ambienteyenergia.gob.ec\/ambiente\/wp-json\/wp\/v2\/users\/13"}],"replies":[{"embeddable":true,"href":"https:\/\/www.ambienteyenergia.gob.ec\/ambiente\/wp-json\/wp\/v2\/comments?post=23386"}],"version-history":[{"count":0,"href":"https:\/\/www.ambienteyenergia.gob.ec\/ambiente\/wp-json\/wp\/v2\/posts\/23386\/revisions"}],"wp:featuredmedia":[{"embeddable":true,"href":"https:\/\/www.ambienteyenergia.gob.ec\/ambiente\/wp-json\/wp\/v2\/media\/23387"}],"wp:attachment":[{"href":"https:\/\/www.ambienteyenergia.gob.ec\/ambiente\/wp-json\/wp\/v2\/media?parent=23386"}],"wp:term":[{"taxonomy":"category","embeddable":true,"href":"https:\/\/www.ambienteyenergia.gob.ec\/ambiente\/wp-json\/wp\/v2\/categories?post=23386"},{"taxonomy":"post_tag","embeddable":true,"href":"https:\/\/www.ambienteyenergia.gob.ec\/ambiente\/wp-json\/wp\/v2\/tags?post=23386"}],"curies":[{"name":"wp","href":"https:\/\/api.w.org\/{rel}","templated":true}]}}