{"id":23385,"date":"2014-11-13T10:28:05","date_gmt":"2014-11-13T15:28:05","guid":{"rendered":"http:\/\/www.ambiente.gob.ec\/?p=23385"},"modified":"2014-11-13T10:28:05","modified_gmt":"2014-11-13T15:28:05","slug":"ecuador-participo-en-la-sesion-de-cierre-del-quinto-informe-del-panel-intergubernamental-de-cambio-climatico","status":"publish","type":"post","link":"https:\/\/www.ambienteyenergia.gob.ec\/ambiente\/ecuador-participo-en-la-sesion-de-cierre-del-quinto-informe-del-panel-intergubernamental-de-cambio-climatico\/","title":{"rendered":"Ecuador particip\u00f3 en la sesi\u00f3n de cierre del Quinto Informe del Panel Intergubernamental de Cambio Clim\u00e1tico"},"content":{"rendered":"<p style=\"text-align: justify;\">El Ministerio del Ambiente (MAE) a trav\u00e9s de la Subsecretar\u00eda de Cambio Clim\u00e1tico, particip\u00f3 en la sesi\u00f3n de cierre del Quinto Informe del Panel Intergubernamental de Cambio Clim\u00e1tico (IPCC) que se llev\u00f3 a cabo en Copenhague, Dinamarca.<\/p>\n<p style=\"text-align: justify;\">Alrededor de 195 pa\u00edses miembros del IPCC se dieron cita para evaluar los riesgos provocados por el cambio clim\u00e1tico y la publicaci\u00f3n del Informe de s\u00edntesis que marca la finalizaci\u00f3n del Quinto Informe de Evaluaci\u00f3n del IPCC. Cerca de 830 cient\u00edficos procedentes de m\u00e1s de 80 pa\u00edses fueron seleccionados para formar los equipos de autores encargados de elaborar el informe. A su vez, estos se apoyaron en el trabajo realizado por m\u00e1s de 1 000 autores contribuyentes y m\u00e1s de 2 000 revisores expertos. Para la elaboraci\u00f3n del Quinto Informe de Evaluaci\u00f3n se evaluaron m\u00e1s de 30 000 informes cient\u00edficos.<\/p>\n<p style=\"text-align: justify;\">Entre las principales conclusiones del reporte s\u00edntesis est\u00e1n:<\/p>\n<ul style=\"text-align: justify;\">\n<li>\u00a0La influencia humana en el sistema clim\u00e1tico es clara y va en aumento, y sus impactos se observan en todos los continentes. Si no se le pone freno, el cambio clim\u00e1tico har\u00e1 que aumente la probabilidad de impactos graves, generalizados e irreversibles en las personas y los ecosistemas. Sin embargo, existen opciones para la adaptaci\u00f3n al cambio clim\u00e1tico, y con actividades de mitigaci\u00f3n rigurosas se puede conseguir que los impactos del cambio clim\u00e1tico permanezcan en un nivel controlable, creando un futuro m\u00e1s claro y sostenible.<\/li>\n<li>\u00a0El Informe de s\u00edntesis confirma que el cambio clim\u00e1tico se constata en todo el mundo y que el calentamiento del sistema clim\u00e1tico es inequ\u00edvoco. Desde la d\u00e9cada de 1950 muchos de los cambios observados no han tenido precedentes en los \u00faltimos decenios a milenios.<\/li>\n<li>En el informe se expresa con mayor certidumbre que en anteriores evaluaciones el hecho de que las emisiones de gases de efecto invernadero y otros impulsores antropog\u00e9nicos han sido la causa dominante del calentamiento observado desde mediados del siglo XX.<\/li>\n<li>Los impactos del cambio clim\u00e1tico ya se han sentido en los \u00faltimos decenios en todos los continentes y oc\u00e9anos.<\/li>\n<li>Cuanta mayor sea la perturbaci\u00f3n de la actividad humana sobre el clima, mayores ser\u00e1n los riesgos.<\/li>\n<li>El informe concluye que las emisiones continuadas de gases de efecto invernadero causar\u00e1n un mayor calentamiento y cambios duraderos en todos los componentes del sistema clim\u00e1tico, con lo que aumentar\u00e1 la probabilidad de impactos generalizados profundos que afecten a todos los niveles de la sociedad y el mundo natural.<\/li>\n<\/ul>\n<p style=\"text-align: justify;\">El Ecuador pudo participar y aportar en esta reuni\u00f3n y compartir las consideraciones del futuro del IPCC que son de inter\u00e9s nacional y que podr\u00e1n aumentar la participaci\u00f3n de los pa\u00edses en desarrollo dentro de los procesos de elaboraci\u00f3n de informes y metodolog\u00edas.<\/p>\n<p style=\"text-align: justify;\">\n<p style=\"text-align: justify;\"><strong>\u00bfQu\u00e9 es el IPCC?<\/strong><\/p>\n<p style=\"text-align: justify;\">El Grupo Intergubernamental de Expertos sobre el Cambio Clim\u00e1tico (IPCC) es el \u00f3rgano internacional encargado de evaluar los conocimientos cient\u00edficos relativos al cambio clim\u00e1tico. Fue establecido en 1988 por la Organizaci\u00f3n Meteorol\u00f3gica Mundial (OMM) y el Programa de las Naciones Unidas para el Medio Ambiente (PNUMA), y ratificado por la Asamblea General de las Naciones Unidas, a fin de que facilitase a los responsables de las pol\u00edticas evaluaciones peri\u00f3dicas sobre la base cient\u00edfica del cambio clim\u00e1tico, sus impactos y futuros riesgos, y las opciones de adaptaci\u00f3n y mitigaci\u00f3n.<\/p>\n","protected":false},"excerpt":{"rendered":"<p class=\"excerpt\">El Ministerio del Ambiente (MAE) a trav\u00e9s de la Subsecretar\u00eda de Cambio Clim\u00e1tico, particip\u00f3 en la sesi\u00f3n de cierre del Quinto Informe del Panel Intergubernamental de Cambio Clim\u00e1tico (IPCC) que se llev\u00f3 a cabo en Copenhague, Dinamarca. Alrededor de 195 pa\u00edses miembros del IPCC se dieron cita para evaluar los riesgos provocados por el cambio clim\u00e1tico y la publicaci\u00f3n del&hellip; <a href=\"https:\/\/www.ambienteyenergia.gob.ec\/ambiente\/ecuador-participo-en-la-sesion-de-cierre-del-quinto-informe-del-panel-intergubernamental-de-cambio-climatico\/\">Read more &rarr;<\/a><\/p>\n","protected":false},"author":13,"featured_media":23389,"comment_status":"open","ping_status":"open","sticky":false,"template":"","format":"standard","meta":{"footnotes":""},"categories":[16,4],"tags":[],"class_list":["post-23385","post","type-post","status-publish","format-standard","has-post-thumbnail","hentry","category-comunicamos","category-noticias","xfolkentry"],"_links":{"self":[{"href":"https:\/\/www.ambienteyenergia.gob.ec\/ambiente\/wp-json\/wp\/v2\/posts\/23385","targetHints":{"allow":["GET"]}}],"collection":[{"href":"https:\/\/www.ambienteyenergia.gob.ec\/ambiente\/wp-json\/wp\/v2\/posts"}],"about":[{"href":"https:\/\/www.ambienteyenergia.gob.ec\/ambiente\/wp-json\/wp\/v2\/types\/post"}],"author":[{"embeddable":true,"href":"https:\/\/www.ambienteyenergia.gob.ec\/ambiente\/wp-json\/wp\/v2\/users\/13"}],"replies":[{"embeddable":true,"href":"https:\/\/www.ambienteyenergia.gob.ec\/ambiente\/wp-json\/wp\/v2\/comments?post=23385"}],"version-history":[{"count":0,"href":"https:\/\/www.ambienteyenergia.gob.ec\/ambiente\/wp-json\/wp\/v2\/posts\/23385\/revisions"}],"wp:featuredmedia":[{"embeddable":true,"href":"https:\/\/www.ambienteyenergia.gob.ec\/ambiente\/wp-json\/wp\/v2\/media\/23389"}],"wp:attachment":[{"href":"https:\/\/www.ambienteyenergia.gob.ec\/ambiente\/wp-json\/wp\/v2\/media?parent=23385"}],"wp:term":[{"taxonomy":"category","embeddable":true,"href":"https:\/\/www.ambienteyenergia.gob.ec\/ambiente\/wp-json\/wp\/v2\/categories?post=23385"},{"taxonomy":"post_tag","embeddable":true,"href":"https:\/\/www.ambienteyenergia.gob.ec\/ambiente\/wp-json\/wp\/v2\/tags?post=23385"}],"curies":[{"name":"wp","href":"https:\/\/api.w.org\/{rel}","templated":true}]}}