{"id":23379,"date":"2014-11-12T10:49:33","date_gmt":"2014-11-12T15:49:33","guid":{"rendered":"http:\/\/www.ambiente.gob.ec\/?p=23379"},"modified":"2014-11-12T10:49:33","modified_gmt":"2014-11-12T15:49:33","slug":"ministerio-del-ambiente-promueve-medidas-de-adaptacion-al-cambio-climatico-en-manabi","status":"publish","type":"post","link":"https:\/\/www.ambienteyenergia.gob.ec\/ambiente\/ministerio-del-ambiente-promueve-medidas-de-adaptacion-al-cambio-climatico-en-manabi\/","title":{"rendered":"Ministerio del Ambiente promueve medidas de adaptaci\u00f3n al cambio clim\u00e1tico en Manab\u00ed"},"content":{"rendered":"<p style=\"text-align: justify;\">Con el apoyo del Programa de las Naciones Unidas para el Desarrollo y como parte del Proyecto de Adaptaci\u00f3n al Cambio Clim\u00e1tico (PACC) del Ministerio del Ambiente, la Asociaci\u00f3n Cristiana de J\u00f3venes (ACJ) filial Portoviejo se encuentra en la fase de seguimiento de los 40 sistemas de riego m\u00f3vil por aspersi\u00f3n que fueron entregados en el mes de junio pasado.<\/p>\n<p style=\"text-align: justify;\">T\u00e9cnicos del PACC, hicieron un recorrido para conocer el avance de la instalaci\u00f3n de los mencionados sistemas y su impacto. Durante el mismo, se verific\u00f3 el \u00e9xito de esta medida que ha mejorado la producci\u00f3n los beneficiarios, que ya inician la cosecha de productos haciendo uso del sistema de riego m\u00f3vil por aspersi\u00f3n.<\/p>\n<p style=\"text-align: justify;\"><strong>Adaptaci\u00f3n al cambio clim\u00e1tico: una mezcla de t\u00e9cnica, ingenio y creatividad<\/strong><br \/>\nEs importante rescatar que gracias a la asesor\u00eda del proyecto PACC y la colaboraci\u00f3n de la ACJ en el seguimiento y monitoreo de los sistemas implementados, los habitantes de los sectores beneficiados dieron rienda suelta a su creatividad cambiando sus sistemas de producci\u00f3n de acuerdo a las particularidades de cada finca. Man\u00ed, pepino, lim\u00f3n y pl\u00e1tano, son algunos de los cultivos que se manejan actualmente con estos sistemas.<\/p>\n<p style=\"text-align: justify;\">A partir de la entrega de estas herramientas y materiales, Jos\u00e9 Mera, con su ingenio y motivaci\u00f3n, transform\u00f3 el sistema de aspersi\u00f3n m\u00f3vil, en un sistema de riego por goteo m\u00f3vil, es decir, que dependiendo de su cultivo \u00e9l puede usar cualquiera de los dos m\u00e9todos.<\/p>\n<p style=\"text-align: justify;\">\nAlex Moreira, comenta que luego de instalar el sistema de aspersi\u00f3n tiene m\u00e1s tiempo para realizar otras actividades. Actualmente puede regar 1 hect\u00e1rea de man\u00ed, en el terreno en el que antes produc\u00eda \u00fanicamente ma\u00edz y con riego por inundaci\u00f3n.<\/p>\n<p style=\"text-align: justify;\">\nEn otra zona, encontramos a do\u00f1a Roxana Loor, miembro de un grupo de 4 hermanas quienes se benefician de este sistema y cuyo cultivo principal es el lim\u00f3n. El hecho de que sean \u00e1rboles grandes no fue impedimento para usar el sistema de aspersi\u00f3n, ya que como comenta \u201cen una hora que dejamos funcionando los aspersores, toda la tierra se moja, y en ese tiempo podemos cosechar lim\u00f3n, ganamos tiempo, lo que antes no pod\u00edamos por estar abriendo y cerrando zanjas para inundar los canales\u201d.<\/p>\n<p style=\"text-align: justify;\">\nEste proyecto es un ejemplo de que se puede hacer un cambio positivo para el manejo del agua en el sector agr\u00edcola y que con una buena motivaci\u00f3n y el apoyo necesario de entidades gubernamentales, es posible mejorar la calidad de vida de los agricultores.<\/p>\n","protected":false},"excerpt":{"rendered":"<p class=\"excerpt\">Con el apoyo del Programa de las Naciones Unidas para el Desarrollo y como parte del Proyecto de Adaptaci\u00f3n al Cambio Clim\u00e1tico (PACC) del Ministerio del Ambiente, la Asociaci\u00f3n Cristiana de J\u00f3venes (ACJ) filial Portoviejo se encuentra en la fase de seguimiento de los 40 sistemas de riego m\u00f3vil por aspersi\u00f3n que fueron entregados en el mes de junio pasado.&hellip; <a href=\"https:\/\/www.ambienteyenergia.gob.ec\/ambiente\/ministerio-del-ambiente-promueve-medidas-de-adaptacion-al-cambio-climatico-en-manabi\/\">Read more &rarr;<\/a><\/p>\n","protected":false},"author":13,"featured_media":23380,"comment_status":"open","ping_status":"open","sticky":false,"template":"","format":"standard","meta":{"footnotes":""},"categories":[16,4],"tags":[],"class_list":["post-23379","post","type-post","status-publish","format-standard","has-post-thumbnail","hentry","category-comunicamos","category-noticias","xfolkentry"],"_links":{"self":[{"href":"https:\/\/www.ambienteyenergia.gob.ec\/ambiente\/wp-json\/wp\/v2\/posts\/23379","targetHints":{"allow":["GET"]}}],"collection":[{"href":"https:\/\/www.ambienteyenergia.gob.ec\/ambiente\/wp-json\/wp\/v2\/posts"}],"about":[{"href":"https:\/\/www.ambienteyenergia.gob.ec\/ambiente\/wp-json\/wp\/v2\/types\/post"}],"author":[{"embeddable":true,"href":"https:\/\/www.ambienteyenergia.gob.ec\/ambiente\/wp-json\/wp\/v2\/users\/13"}],"replies":[{"embeddable":true,"href":"https:\/\/www.ambienteyenergia.gob.ec\/ambiente\/wp-json\/wp\/v2\/comments?post=23379"}],"version-history":[{"count":0,"href":"https:\/\/www.ambienteyenergia.gob.ec\/ambiente\/wp-json\/wp\/v2\/posts\/23379\/revisions"}],"wp:featuredmedia":[{"embeddable":true,"href":"https:\/\/www.ambienteyenergia.gob.ec\/ambiente\/wp-json\/wp\/v2\/media\/23380"}],"wp:attachment":[{"href":"https:\/\/www.ambienteyenergia.gob.ec\/ambiente\/wp-json\/wp\/v2\/media?parent=23379"}],"wp:term":[{"taxonomy":"category","embeddable":true,"href":"https:\/\/www.ambienteyenergia.gob.ec\/ambiente\/wp-json\/wp\/v2\/categories?post=23379"},{"taxonomy":"post_tag","embeddable":true,"href":"https:\/\/www.ambienteyenergia.gob.ec\/ambiente\/wp-json\/wp\/v2\/tags?post=23379"}],"curies":[{"name":"wp","href":"https:\/\/api.w.org\/{rel}","templated":true}]}}