{"id":23368,"date":"2014-11-12T08:38:59","date_gmt":"2014-11-12T13:38:59","guid":{"rendered":"http:\/\/www.ambiente.gob.ec\/?p=23368"},"modified":"2014-11-12T08:38:59","modified_gmt":"2014-11-12T13:38:59","slug":"mae-rescata-tres-especimenes-de-fauna-silvestre-en-santo-domingo-de-los-tsachilas-2","status":"publish","type":"post","link":"https:\/\/www.ambienteyenergia.gob.ec\/ambiente\/mae-rescata-tres-especimenes-de-fauna-silvestre-en-santo-domingo-de-los-tsachilas-2\/","title":{"rendered":"MAE rescata tres espec\u00edmenes de fauna silvestre en Santo Domingo de los Ts\u00e1chilas"},"content":{"rendered":"<p style=\"text-align: justify;\">Varios operativos de control de vida silvestre se realizaron en Santo Domingo de los Ts\u00e1chilas, como parte del trabajo que ejecuta el Ministerio del Ambiente del Ecuador (MAE) a trav\u00e9s de la Unidad de Patrimonio Natural conjuntamente con el apoyo de la Unidad de Protecci\u00f3n del Medio Ambiente de la Polic\u00eda Nacional (UPMA). As\u00ed se procedi\u00f3\u00a0 con el rescate de tres espec\u00edmenes de fauna silvestre de la regi\u00f3n, que fueron separados de su h\u00e1bitat natural.<\/p>\n<p style=\"text-align: justify;\">\nSe trata de un perezoso de tres u\u00f1as (Bradypus variegatus), una tortuga mordedora (Chelydra acutirostris) y un perezoso de dos u\u00f1as (Choloepus hoffmanni). Estos espec\u00edmenes fueron trasladados hasta las instalaciones de la Direcci\u00f3n Provincial del Ambiente Santo Domingo de los Ts\u00e1chilas y luego fueron llevados y entregados por t\u00e9cnicos de la Unidad de Patrimonio Natural en custodia temporal al Centro de Rescate \u201cCarlos Becdach\u201d, ubicado en el kil\u00f3metro 34 de la v\u00eda a Santo Domingo \u2013 La Concordia.<\/p>\n<p style=\"text-align: justify;\">\nActualmente, est\u00e1n siendo valorados m\u00e9dicamente, con la finalidad de lograr su liberaci\u00f3n.<\/p>\n<p style=\"text-align: justify;\">\nLa Unidad de Patrimonio Natural ejecuta de forma permanente controles forestales y de vida silvestre con la finalidad de precautelar el bienestar de varias especies tanto en flora como en fauna de la regi\u00f3n.<\/p>\n<p style=\"text-align: justify;\">\nSe invita a la ciudadan\u00eda a que denuncien o comuniquen la ubicaci\u00f3n, tenencia y comercializaci\u00f3n de vida silvestre y de productos forestales madereros ilegales a los tel\u00e9fonos 1800 &#8211; Ambiente (2624368), ECU 911, 115 de la Polic\u00eda Nacional o al 276009-2746523 MAE Santo Domingo de los Ts\u00e0chilas.<\/p>\n","protected":false},"excerpt":{"rendered":"<p class=\"excerpt\">Varios operativos de control de vida silvestre se realizaron en Santo Domingo de los Ts\u00e1chilas, como parte del trabajo que ejecuta el Ministerio del Ambiente del Ecuador (MAE) a trav\u00e9s de la Unidad de Patrimonio Natural conjuntamente con el apoyo de la Unidad de Protecci\u00f3n del Medio Ambiente de la Polic\u00eda Nacional (UPMA). As\u00ed se procedi\u00f3\u00a0 con el rescate de&hellip; <a href=\"https:\/\/www.ambienteyenergia.gob.ec\/ambiente\/mae-rescata-tres-especimenes-de-fauna-silvestre-en-santo-domingo-de-los-tsachilas-2\/\">Read more &rarr;<\/a><\/p>\n","protected":false},"author":13,"featured_media":23369,"comment_status":"open","ping_status":"open","sticky":false,"template":"","format":"standard","meta":{"footnotes":""},"categories":[16,4],"tags":[],"class_list":["post-23368","post","type-post","status-publish","format-standard","has-post-thumbnail","hentry","category-comunicamos","category-noticias","xfolkentry"],"_links":{"self":[{"href":"https:\/\/www.ambienteyenergia.gob.ec\/ambiente\/wp-json\/wp\/v2\/posts\/23368","targetHints":{"allow":["GET"]}}],"collection":[{"href":"https:\/\/www.ambienteyenergia.gob.ec\/ambiente\/wp-json\/wp\/v2\/posts"}],"about":[{"href":"https:\/\/www.ambienteyenergia.gob.ec\/ambiente\/wp-json\/wp\/v2\/types\/post"}],"author":[{"embeddable":true,"href":"https:\/\/www.ambienteyenergia.gob.ec\/ambiente\/wp-json\/wp\/v2\/users\/13"}],"replies":[{"embeddable":true,"href":"https:\/\/www.ambienteyenergia.gob.ec\/ambiente\/wp-json\/wp\/v2\/comments?post=23368"}],"version-history":[{"count":0,"href":"https:\/\/www.ambienteyenergia.gob.ec\/ambiente\/wp-json\/wp\/v2\/posts\/23368\/revisions"}],"wp:featuredmedia":[{"embeddable":true,"href":"https:\/\/www.ambienteyenergia.gob.ec\/ambiente\/wp-json\/wp\/v2\/media\/23369"}],"wp:attachment":[{"href":"https:\/\/www.ambienteyenergia.gob.ec\/ambiente\/wp-json\/wp\/v2\/media?parent=23368"}],"wp:term":[{"taxonomy":"category","embeddable":true,"href":"https:\/\/www.ambienteyenergia.gob.ec\/ambiente\/wp-json\/wp\/v2\/categories?post=23368"},{"taxonomy":"post_tag","embeddable":true,"href":"https:\/\/www.ambienteyenergia.gob.ec\/ambiente\/wp-json\/wp\/v2\/tags?post=23368"}],"curies":[{"name":"wp","href":"https:\/\/api.w.org\/{rel}","templated":true}]}}