{"id":23365,"date":"2014-11-12T08:27:06","date_gmt":"2014-11-12T13:27:06","guid":{"rendered":"http:\/\/www.ambiente.gob.ec\/?p=23365"},"modified":"2014-11-12T08:27:06","modified_gmt":"2014-11-12T13:27:06","slug":"xv-curso-de-buceo-tactico-policial-realizado-este-30-10-2014-en-la-laguna-de-cuicocha","status":"publish","type":"post","link":"https:\/\/www.ambienteyenergia.gob.ec\/ambiente\/xv-curso-de-buceo-tactico-policial-realizado-este-30-10-2014-en-la-laguna-de-cuicocha\/","title":{"rendered":"\u201cXV curso de buceo  t\u00e1ctico policial realizado este 30-10-2014 en la Laguna de Cuicocha \u201d"},"content":{"rendered":"<p style=\"text-align: justify;\">El d\u00eda Viernes la Reserva Ecol\u00f3gica Cotacachi Cayapas, concretamente la laguna de Cuicocha fue el escenario del XV Curso Internacional de Buceo T\u00e1ctico Policial, con la finalidad de entrenar a los miembros de la instituci\u00f3n, para fortalecer y perfeccionar sus destrezas en buceo, y realizar eficazmente las diferentes t\u00e9cnicas y operaciones subacu\u00e1ticas tales como: b\u00fasqueda, rescate y reflote de objetos y evidencias; dentro de los diferentes escenarios subacu\u00e1ticos que tiene el pa\u00eds.<\/p>\n<p>En esta actividad participaron 22 alumnos al mando de 7 instructores, de este curso fueron parte los pa\u00edses de M\u00e9xico, Panam\u00e1 y Ecuador, la Polic\u00eda Nacional realiza este curso para contar con un grupo especializado en operaciones puntuales, que la Instituci\u00f3n debe realizar en el campo operativo de alta calidad en conocimiento y formaci\u00f3n ya que hoy se construye una Polic\u00eda basada en el servicio a la comunidad.<\/p>\n<p>La importancia de las \u00e1reas protegidas a nivel de nuestro pa\u00eds, su belleza esc\u00e9nica y paisaj\u00edstica con sus diferentes componentes hace de la RECC un sitio muy especial para el desarrollo de diferentes actividades<\/p>\n","protected":false},"excerpt":{"rendered":"<p class=\"excerpt\">El d\u00eda Viernes la Reserva Ecol\u00f3gica Cotacachi Cayapas, concretamente la laguna de Cuicocha fue el escenario del XV Curso Internacional de Buceo T\u00e1ctico Policial, con la finalidad de entrenar a los miembros de la instituci\u00f3n, para fortalecer y perfeccionar sus destrezas en buceo, y realizar eficazmente las diferentes t\u00e9cnicas y operaciones subacu\u00e1ticas tales como: b\u00fasqueda, rescate y reflote de objetos&hellip; <a href=\"https:\/\/www.ambienteyenergia.gob.ec\/ambiente\/xv-curso-de-buceo-tactico-policial-realizado-este-30-10-2014-en-la-laguna-de-cuicocha\/\">Read more &rarr;<\/a><\/p>\n","protected":false},"author":13,"featured_media":23366,"comment_status":"open","ping_status":"open","sticky":false,"template":"","format":"standard","meta":{"footnotes":""},"categories":[16,4],"tags":[],"class_list":["post-23365","post","type-post","status-publish","format-standard","has-post-thumbnail","hentry","category-comunicamos","category-noticias","xfolkentry"],"_links":{"self":[{"href":"https:\/\/www.ambienteyenergia.gob.ec\/ambiente\/wp-json\/wp\/v2\/posts\/23365","targetHints":{"allow":["GET"]}}],"collection":[{"href":"https:\/\/www.ambienteyenergia.gob.ec\/ambiente\/wp-json\/wp\/v2\/posts"}],"about":[{"href":"https:\/\/www.ambienteyenergia.gob.ec\/ambiente\/wp-json\/wp\/v2\/types\/post"}],"author":[{"embeddable":true,"href":"https:\/\/www.ambienteyenergia.gob.ec\/ambiente\/wp-json\/wp\/v2\/users\/13"}],"replies":[{"embeddable":true,"href":"https:\/\/www.ambienteyenergia.gob.ec\/ambiente\/wp-json\/wp\/v2\/comments?post=23365"}],"version-history":[{"count":0,"href":"https:\/\/www.ambienteyenergia.gob.ec\/ambiente\/wp-json\/wp\/v2\/posts\/23365\/revisions"}],"wp:featuredmedia":[{"embeddable":true,"href":"https:\/\/www.ambienteyenergia.gob.ec\/ambiente\/wp-json\/wp\/v2\/media\/23366"}],"wp:attachment":[{"href":"https:\/\/www.ambienteyenergia.gob.ec\/ambiente\/wp-json\/wp\/v2\/media?parent=23365"}],"wp:term":[{"taxonomy":"category","embeddable":true,"href":"https:\/\/www.ambienteyenergia.gob.ec\/ambiente\/wp-json\/wp\/v2\/categories?post=23365"},{"taxonomy":"post_tag","embeddable":true,"href":"https:\/\/www.ambienteyenergia.gob.ec\/ambiente\/wp-json\/wp\/v2\/tags?post=23365"}],"curies":[{"name":"wp","href":"https:\/\/api.w.org\/{rel}","templated":true}]}}