{"id":23362,"date":"2014-11-11T16:49:02","date_gmt":"2014-11-11T21:49:02","guid":{"rendered":"http:\/\/www.ambiente.gob.ec\/?p=23362"},"modified":"2014-11-11T16:49:02","modified_gmt":"2014-11-11T21:49:02","slug":"mae-presenta-aula-virtual-itinerante-de-educacion-ambiental-en-quevedo","status":"publish","type":"post","link":"https:\/\/www.ambienteyenergia.gob.ec\/ambiente\/mae-presenta-aula-virtual-itinerante-de-educacion-ambiental-en-quevedo\/","title":{"rendered":"MAE presenta Aula Virtual Itinerante de Educaci\u00f3n Ambiental en Quevedo"},"content":{"rendered":"<p style=\"text-align: justify;\">El Ministerio del Ambiente de Ecuador (MAE) present\u00f3 el Proyecto Aula Virtual Itinerante de Educaci\u00f3n Ambiental con tecnolog\u00eda interactiva en Quevedo con el objetivo de difundir y socializar las acciones que realiza esta Cartera de Estado, a trav\u00e9s de su Programa Nacional de Gesti\u00f3n Integral de Desechos S\u00f3lidos (PNGIDS).<\/p>\n<p>Durante el desarrollo de esta campa\u00f1a de educaci\u00f3n ambiental, los asistentes podr\u00e1n conocer sobre manejo de residuos s\u00f3lidos en todas sus etapas, desde la generaci\u00f3n de desechos s\u00f3lidos, separaci\u00f3n en la fuente, recolecci\u00f3n,\u00a0 aprovechamiento, reciclaje hasta su disposici\u00f3n final.<\/p>\n<p>Este espacio p\u00fablico de educaci\u00f3n es completamente amigable con el ambiente, est\u00e1 elaborado con materiales reciclables, cuenta con alta tecnolog\u00eda desmontable, motivo por el cual se puede movilizar a cualquier cuidad del pa\u00eds, meta que contempla el proyecto.<\/p>\n<p>Este proyecto parte de la necesidad de emprender un proceso de educaci\u00f3n ambiental y difusi\u00f3n, que a trav\u00e9s de un lenguaje cotidiano y de forma l\u00fadica, logre la vinculaci\u00f3n de la poblaci\u00f3n al manejo responsable de residuos s\u00f3lidos y que se conviertan en agentes de cambio por mejorar la calidad ambiental de su entorno.<\/p>\n<p>Su recorrido dura aproximadamente 45 minutos y cuenta con 10 paradas donde las personas pueden realizar diferentes actividades mediante hologramas, proyecciones 3D, videos, juegos con sensores de movimiento, animaciones y charlas sobre la generaci\u00f3n, clasificaci\u00f3n y destino final de desechos<\/p>\n<p>Adicionalmente, se desarrollar\u00e1n diferentes eventos de socializaci\u00f3n ambiental en Quevedo y Cuenca, que se desarrollaran en 221 Gobiernos Aut\u00f3nomos Descentralizados (GAD) Municipales, donde se expondr\u00e1n los resultados y productos generados por el PNGIDS.<\/p>\n","protected":false},"excerpt":{"rendered":"<p class=\"excerpt\">El Ministerio del Ambiente de Ecuador (MAE) present\u00f3 el Proyecto Aula Virtual Itinerante de Educaci\u00f3n Ambiental con tecnolog\u00eda interactiva en Quevedo con el objetivo de difundir y socializar las acciones que realiza esta Cartera de Estado, a trav\u00e9s de su Programa Nacional de Gesti\u00f3n Integral de Desechos S\u00f3lidos (PNGIDS). Durante el desarrollo de esta campa\u00f1a de educaci\u00f3n ambiental, los asistentes&hellip; <a href=\"https:\/\/www.ambienteyenergia.gob.ec\/ambiente\/mae-presenta-aula-virtual-itinerante-de-educacion-ambiental-en-quevedo\/\">Read more &rarr;<\/a><\/p>\n","protected":false},"author":13,"featured_media":23363,"comment_status":"open","ping_status":"open","sticky":false,"template":"","format":"standard","meta":{"footnotes":""},"categories":[16,4],"tags":[],"class_list":["post-23362","post","type-post","status-publish","format-standard","has-post-thumbnail","hentry","category-comunicamos","category-noticias","xfolkentry"],"_links":{"self":[{"href":"https:\/\/www.ambienteyenergia.gob.ec\/ambiente\/wp-json\/wp\/v2\/posts\/23362","targetHints":{"allow":["GET"]}}],"collection":[{"href":"https:\/\/www.ambienteyenergia.gob.ec\/ambiente\/wp-json\/wp\/v2\/posts"}],"about":[{"href":"https:\/\/www.ambienteyenergia.gob.ec\/ambiente\/wp-json\/wp\/v2\/types\/post"}],"author":[{"embeddable":true,"href":"https:\/\/www.ambienteyenergia.gob.ec\/ambiente\/wp-json\/wp\/v2\/users\/13"}],"replies":[{"embeddable":true,"href":"https:\/\/www.ambienteyenergia.gob.ec\/ambiente\/wp-json\/wp\/v2\/comments?post=23362"}],"version-history":[{"count":0,"href":"https:\/\/www.ambienteyenergia.gob.ec\/ambiente\/wp-json\/wp\/v2\/posts\/23362\/revisions"}],"wp:featuredmedia":[{"embeddable":true,"href":"https:\/\/www.ambienteyenergia.gob.ec\/ambiente\/wp-json\/wp\/v2\/media\/23363"}],"wp:attachment":[{"href":"https:\/\/www.ambienteyenergia.gob.ec\/ambiente\/wp-json\/wp\/v2\/media?parent=23362"}],"wp:term":[{"taxonomy":"category","embeddable":true,"href":"https:\/\/www.ambienteyenergia.gob.ec\/ambiente\/wp-json\/wp\/v2\/categories?post=23362"},{"taxonomy":"post_tag","embeddable":true,"href":"https:\/\/www.ambienteyenergia.gob.ec\/ambiente\/wp-json\/wp\/v2\/tags?post=23362"}],"curies":[{"name":"wp","href":"https:\/\/api.w.org\/{rel}","templated":true}]}}