{"id":23359,"date":"2014-11-11T16:45:31","date_gmt":"2014-11-11T21:45:31","guid":{"rendered":"http:\/\/www.ambiente.gob.ec\/?p=23359"},"modified":"2014-11-11T16:45:31","modified_gmt":"2014-11-11T21:45:31","slug":"mae-rescata-un-mono-huapo-negro-y-un-mono-ardilla-en-la-provincia-de-los-rios","status":"publish","type":"post","link":"https:\/\/www.ambienteyenergia.gob.ec\/ambiente\/mae-rescata-un-mono-huapo-negro-y-un-mono-ardilla-en-la-provincia-de-los-rios\/","title":{"rendered":"MAE rescata un Mono huapo negro y un Mono ardilla en la Provincia de Los R\u00edos"},"content":{"rendered":"<p style=\"text-align: justify;\">Gracias a la denuncia de la ciudadan\u00eda, el Ministerio del Ambiente del Ecuador (MAE) a trav\u00e9s de la Direcci\u00f3n Provincial de Los R\u00edos, rescat\u00f3 el pasado 4 de noviembre dos espec\u00edmenes de vida silvestre; se trata de un Mono Huapo Negro (Pithecia monachus) y un Mono Ardilla (Saimiri sciureus).<\/p>\n<p style=\"text-align: justify;\">\nLuego de recibir la denuncia, el personal de la Direcci\u00f3n Provincial del Ambiente de Los R\u00edos inici\u00f3 un operativo de control en la parroquia Siete de Octubre del cant\u00f3n Quevedo, lugar donde se comprob\u00f3 la tenencia ilegal del mono ardilla. Posteriormente se trasladaron a la ciudadela la Virgen cant\u00f3n Vinces, donde se recuper\u00f3 a un mono huapo negro. En los dos casos, los espec\u00edmenes se encontraban al interior de una casa; los due\u00f1os procedieron a entregar en forma voluntaria.<\/p>\n<p style=\"text-align: justify;\">\nUna vez recuperados, los monos fueron trasladados al centro de tenencia \u201cSan Isidro\u201d, aqu\u00ed recibieron atenci\u00f3n m\u00e9dica veterinaria y actualmente permanecen en observaci\u00f3n, con la finalidad de una posible reinserci\u00f3n en su h\u00e1bitat natural.<\/p>\n<p style=\"text-align: justify;\">\nEl MAE, como m\u00e1ximo organismo rector ambiental del pa\u00eds, ejecuta estos operativos de manera constante, como parte del control de tr\u00e1fico y tenencia ilegal de flora y fauna silvestre.<\/p>\n","protected":false},"excerpt":{"rendered":"<p class=\"excerpt\">Gracias a la denuncia de la ciudadan\u00eda, el Ministerio del Ambiente del Ecuador (MAE) a trav\u00e9s de la Direcci\u00f3n Provincial de Los R\u00edos, rescat\u00f3 el pasado 4 de noviembre dos espec\u00edmenes de vida silvestre; se trata de un Mono Huapo Negro (Pithecia monachus) y un Mono Ardilla (Saimiri sciureus). Luego de recibir la denuncia, el personal de la Direcci\u00f3n Provincial&hellip; <a href=\"https:\/\/www.ambienteyenergia.gob.ec\/ambiente\/mae-rescata-un-mono-huapo-negro-y-un-mono-ardilla-en-la-provincia-de-los-rios\/\">Read more &rarr;<\/a><\/p>\n","protected":false},"author":13,"featured_media":23360,"comment_status":"open","ping_status":"open","sticky":false,"template":"","format":"standard","meta":{"footnotes":""},"categories":[16,4],"tags":[],"class_list":["post-23359","post","type-post","status-publish","format-standard","has-post-thumbnail","hentry","category-comunicamos","category-noticias","xfolkentry"],"_links":{"self":[{"href":"https:\/\/www.ambienteyenergia.gob.ec\/ambiente\/wp-json\/wp\/v2\/posts\/23359","targetHints":{"allow":["GET"]}}],"collection":[{"href":"https:\/\/www.ambienteyenergia.gob.ec\/ambiente\/wp-json\/wp\/v2\/posts"}],"about":[{"href":"https:\/\/www.ambienteyenergia.gob.ec\/ambiente\/wp-json\/wp\/v2\/types\/post"}],"author":[{"embeddable":true,"href":"https:\/\/www.ambienteyenergia.gob.ec\/ambiente\/wp-json\/wp\/v2\/users\/13"}],"replies":[{"embeddable":true,"href":"https:\/\/www.ambienteyenergia.gob.ec\/ambiente\/wp-json\/wp\/v2\/comments?post=23359"}],"version-history":[{"count":0,"href":"https:\/\/www.ambienteyenergia.gob.ec\/ambiente\/wp-json\/wp\/v2\/posts\/23359\/revisions"}],"wp:featuredmedia":[{"embeddable":true,"href":"https:\/\/www.ambienteyenergia.gob.ec\/ambiente\/wp-json\/wp\/v2\/media\/23360"}],"wp:attachment":[{"href":"https:\/\/www.ambienteyenergia.gob.ec\/ambiente\/wp-json\/wp\/v2\/media?parent=23359"}],"wp:term":[{"taxonomy":"category","embeddable":true,"href":"https:\/\/www.ambienteyenergia.gob.ec\/ambiente\/wp-json\/wp\/v2\/categories?post=23359"},{"taxonomy":"post_tag","embeddable":true,"href":"https:\/\/www.ambienteyenergia.gob.ec\/ambiente\/wp-json\/wp\/v2\/tags?post=23359"}],"curies":[{"name":"wp","href":"https:\/\/api.w.org\/{rel}","templated":true}]}}