{"id":23356,"date":"2014-11-11T16:43:16","date_gmt":"2014-11-11T21:43:16","guid":{"rendered":"http:\/\/www.ambiente.gob.ec\/?p=23356"},"modified":"2014-11-11T16:43:16","modified_gmt":"2014-11-11T21:43:16","slug":"mae-realiza-1er-curso-de-guias-naturalistas-urcuqui-2014","status":"publish","type":"post","link":"https:\/\/www.ambienteyenergia.gob.ec\/ambiente\/mae-realiza-1er-curso-de-guias-naturalistas-urcuqui-2014\/","title":{"rendered":"MAE realiza 1er Curso de Gu\u00edas Naturalistas Urcuqu\u00ed 2014"},"content":{"rendered":"<p style=\"text-align: justify;\">El pasado 26 de octubre el Ministerio del Ambiente del Ecuador (MAE) a trav\u00e9s de la Direcci\u00f3n Provincial del Ambiente de Imbabura, inici\u00f3 el Primer Curso de Gu\u00edas Naturalistas Urcuqu\u00ed 2014 con la\u00a0 participaci\u00f3n de 35 aspirantes de diferentes comunidades rurales y del \u00e1rea urbana, quienes se capacitar\u00e1n sobre el turismo naturalista, entendido como una forma de educaci\u00f3n ambiental.<\/p>\n<p style=\"text-align: justify;\">\nEl curso cuenta tambi\u00e9n con el apoyo de la Reserva Ecol\u00f3gica Cotacachi Cayapas, en coordinaci\u00f3n con el Municipio de Urcuqui; tendr\u00e1 una duraci\u00f3n de 120 horas y se realizar\u00e1 los d\u00edas domingos de 8:00 a 17:00.<\/p>\n<p style=\"text-align: justify;\">\nEste es un espacio que busca formar gu\u00edas comprometidos con el desarrollo sostenible de su comunidad; adem\u00e1s de promover el turismo con una orientaci\u00f3n y perspectiva diferente, apoyando de forma directa a la conservaci\u00f3n\u00a0 de los recursos naturales en las \u00c1reas Protegidas del pa\u00eds. Los gu\u00edas deber\u00e1n prestar servicios de conducci\u00f3n, interpretaci\u00f3n, educaci\u00f3n, y conservaci\u00f3n de los recursos naturales para el esparcimiento y educaci\u00f3n de visitantes.<\/p>\n<p style=\"text-align: justify;\">\nDe esta forma el MAE realiza esfuerzos hist\u00f3ricos para capacitar no solo a sus guardaparques, sino tambi\u00e9n a la comunidad que trabaja en las zonas cercanas a las \u00e1reas protegidas.<\/p>\n","protected":false},"excerpt":{"rendered":"<p class=\"excerpt\">El pasado 26 de octubre el Ministerio del Ambiente del Ecuador (MAE) a trav\u00e9s de la Direcci\u00f3n Provincial del Ambiente de Imbabura, inici\u00f3 el Primer Curso de Gu\u00edas Naturalistas Urcuqu\u00ed 2014 con la\u00a0 participaci\u00f3n de 35 aspirantes de diferentes comunidades rurales y del \u00e1rea urbana, quienes se capacitar\u00e1n sobre el turismo naturalista, entendido como una forma de educaci\u00f3n ambiental. El&hellip; <a href=\"https:\/\/www.ambienteyenergia.gob.ec\/ambiente\/mae-realiza-1er-curso-de-guias-naturalistas-urcuqui-2014\/\">Read more &rarr;<\/a><\/p>\n","protected":false},"author":13,"featured_media":23357,"comment_status":"open","ping_status":"open","sticky":false,"template":"","format":"standard","meta":{"footnotes":""},"categories":[16,4],"tags":[],"class_list":["post-23356","post","type-post","status-publish","format-standard","has-post-thumbnail","hentry","category-comunicamos","category-noticias","xfolkentry"],"_links":{"self":[{"href":"https:\/\/www.ambienteyenergia.gob.ec\/ambiente\/wp-json\/wp\/v2\/posts\/23356","targetHints":{"allow":["GET"]}}],"collection":[{"href":"https:\/\/www.ambienteyenergia.gob.ec\/ambiente\/wp-json\/wp\/v2\/posts"}],"about":[{"href":"https:\/\/www.ambienteyenergia.gob.ec\/ambiente\/wp-json\/wp\/v2\/types\/post"}],"author":[{"embeddable":true,"href":"https:\/\/www.ambienteyenergia.gob.ec\/ambiente\/wp-json\/wp\/v2\/users\/13"}],"replies":[{"embeddable":true,"href":"https:\/\/www.ambienteyenergia.gob.ec\/ambiente\/wp-json\/wp\/v2\/comments?post=23356"}],"version-history":[{"count":0,"href":"https:\/\/www.ambienteyenergia.gob.ec\/ambiente\/wp-json\/wp\/v2\/posts\/23356\/revisions"}],"wp:featuredmedia":[{"embeddable":true,"href":"https:\/\/www.ambienteyenergia.gob.ec\/ambiente\/wp-json\/wp\/v2\/media\/23357"}],"wp:attachment":[{"href":"https:\/\/www.ambienteyenergia.gob.ec\/ambiente\/wp-json\/wp\/v2\/media?parent=23356"}],"wp:term":[{"taxonomy":"category","embeddable":true,"href":"https:\/\/www.ambienteyenergia.gob.ec\/ambiente\/wp-json\/wp\/v2\/categories?post=23356"},{"taxonomy":"post_tag","embeddable":true,"href":"https:\/\/www.ambienteyenergia.gob.ec\/ambiente\/wp-json\/wp\/v2\/tags?post=23356"}],"curies":[{"name":"wp","href":"https:\/\/api.w.org\/{rel}","templated":true}]}}