{"id":23353,"date":"2014-11-11T16:40:59","date_gmt":"2014-11-11T21:40:59","guid":{"rendered":"http:\/\/www.ambiente.gob.ec\/?p=23353"},"modified":"2014-11-11T16:40:59","modified_gmt":"2014-11-11T21:40:59","slug":"mae-decomisa-producto-forestal-en-azuay","status":"publish","type":"post","link":"https:\/\/www.ambienteyenergia.gob.ec\/ambiente\/mae-decomisa-producto-forestal-en-azuay\/","title":{"rendered":"MAE decomisa producto forestal en Azuay"},"content":{"rendered":"<p style=\"text-align: justify;\">El Ministerio del Ambiente (MAE) a trav\u00e9s de la Direcci\u00f3n Provincial del Ambiente de Azuay y en coordinaci\u00f3n con la Polic\u00eda Ambiental, procedi\u00f3 a decomisar\u00a0 9 m3 de productos forestales provenientes del eucalipto; tras un operativo forestal, cumpliendo as\u00ed con la normativa forestal vigente y como mecanismo de supervisi\u00f3n para lograr un buen manejo del producto forestal y de los bosques nativos.<\/p>\n<p style=\"text-align: justify;\">\nEl operativo se realiz\u00f3 en Medio Ejido, sector el Bat\u00e1n en la ciudad de Cuenca; deteniendo a un cami\u00f3n que transitaba sin portar las respectivas gu\u00edas de circulaci\u00f3n; por lo que se procedi\u00f3 con los tr\u00e1mites jur\u00eddicos correspondientes y la debida sanci\u00f3n por incumplimiento a la Normativa Ambiental vigente. El veh\u00edculo fue retenido y se orden\u00f3 el decomiso para remate del producto forestal.<\/p>\n<p style=\"text-align: justify;\">\nEl MAE continuar\u00e1 realizando controles forestales con el objetivo de precautelar el deterioro de los bosques y promover en la poblaci\u00f3n, un manejo sustentable de los mismos.<\/p>\n","protected":false},"excerpt":{"rendered":"<p class=\"excerpt\">El Ministerio del Ambiente (MAE) a trav\u00e9s de la Direcci\u00f3n Provincial del Ambiente de Azuay y en coordinaci\u00f3n con la Polic\u00eda Ambiental, procedi\u00f3 a decomisar\u00a0 9 m3 de productos forestales provenientes del eucalipto; tras un operativo forestal, cumpliendo as\u00ed con la normativa forestal vigente y como mecanismo de supervisi\u00f3n para lograr un buen manejo del producto forestal y de los&hellip; <a href=\"https:\/\/www.ambienteyenergia.gob.ec\/ambiente\/mae-decomisa-producto-forestal-en-azuay\/\">Read more &rarr;<\/a><\/p>\n","protected":false},"author":13,"featured_media":23354,"comment_status":"open","ping_status":"open","sticky":false,"template":"","format":"standard","meta":{"footnotes":""},"categories":[16,4],"tags":[],"class_list":["post-23353","post","type-post","status-publish","format-standard","has-post-thumbnail","hentry","category-comunicamos","category-noticias","xfolkentry"],"_links":{"self":[{"href":"https:\/\/www.ambienteyenergia.gob.ec\/ambiente\/wp-json\/wp\/v2\/posts\/23353","targetHints":{"allow":["GET"]}}],"collection":[{"href":"https:\/\/www.ambienteyenergia.gob.ec\/ambiente\/wp-json\/wp\/v2\/posts"}],"about":[{"href":"https:\/\/www.ambienteyenergia.gob.ec\/ambiente\/wp-json\/wp\/v2\/types\/post"}],"author":[{"embeddable":true,"href":"https:\/\/www.ambienteyenergia.gob.ec\/ambiente\/wp-json\/wp\/v2\/users\/13"}],"replies":[{"embeddable":true,"href":"https:\/\/www.ambienteyenergia.gob.ec\/ambiente\/wp-json\/wp\/v2\/comments?post=23353"}],"version-history":[{"count":0,"href":"https:\/\/www.ambienteyenergia.gob.ec\/ambiente\/wp-json\/wp\/v2\/posts\/23353\/revisions"}],"wp:featuredmedia":[{"embeddable":true,"href":"https:\/\/www.ambienteyenergia.gob.ec\/ambiente\/wp-json\/wp\/v2\/media\/23354"}],"wp:attachment":[{"href":"https:\/\/www.ambienteyenergia.gob.ec\/ambiente\/wp-json\/wp\/v2\/media?parent=23353"}],"wp:term":[{"taxonomy":"category","embeddable":true,"href":"https:\/\/www.ambienteyenergia.gob.ec\/ambiente\/wp-json\/wp\/v2\/categories?post=23353"},{"taxonomy":"post_tag","embeddable":true,"href":"https:\/\/www.ambienteyenergia.gob.ec\/ambiente\/wp-json\/wp\/v2\/tags?post=23353"}],"curies":[{"name":"wp","href":"https:\/\/api.w.org\/{rel}","templated":true}]}}