{"id":23351,"date":"2014-11-11T16:39:31","date_gmt":"2014-11-11T21:39:31","guid":{"rendered":"http:\/\/www.ambiente.gob.ec\/?p=23351"},"modified":"2014-11-11T16:39:31","modified_gmt":"2014-11-11T21:39:31","slug":"mae-rescata-un-mono-capuchino-en-pillaro","status":"publish","type":"post","link":"https:\/\/www.ambienteyenergia.gob.ec\/ambiente\/mae-rescata-un-mono-capuchino-en-pillaro\/","title":{"rendered":"MAE rescata un mono capuchino en P\u00edllaro"},"content":{"rendered":"<p style=\"text-align: justify;\">Tras una denuncia realizada a la Unidad de Protecci\u00f3n Ambiental de la Polic\u00eda Nacional; este martes t\u00e9cnicos de Vida Silvestre de la Direcci\u00f3n Provincial del Ambiente Tungurahua acudieron al recate de un mono Capuchino (<em>Cebus albifrons<\/em>) que se encontraba en la parroquia San Miguelito del cant\u00f3n P\u00edllaro, en la provincia de Tungurahua.<\/p>\n<p style=\"text-align: justify;\">Al llegar al sitio se\u00f1alado, los t\u00e9cnicos del MAE comprobaron que el esp\u00e9cimen se encontraba al interior de una jaula grande en el patio de una casa. Al llamar a la puerta, el mono capuchino fue entregado voluntariamente a los funcionarios del MAE; quienes con el apoyo del Dr. Diego Barrera veterinario del albergue de animales del Gobierno Aut\u00f3nomo Municipal Ambato, anestesiaron al animal para tranquilizarlo y as\u00ed evitar que sufra stress durante su traslado.<\/p>\n<p style=\"text-align: justify;\">As\u00ed, el mono Capuchino pudo recibir los atenci\u00f3n m\u00e9dica veterinaria en el albergue de animales del GADMA, donde fue desinfectado y desparasitado. Por el momento, el esp\u00e9cimen permanecer\u00e1 en cuarentena y permanente observaci\u00f3n; con miras a una posible reinserci\u00f3n en su h\u00e1bitat natural.<\/p>\n<p style=\"text-align: justify;\">El Ministerio del Ambiente (MAE) continuar\u00e1 con los operativos de control; a la vez informando a la ciudadan\u00eda sobre la prohibici\u00f3n de tenencia de especies de vida silvestre y la importancia de denunciar este tipo de casos.<\/p>\n","protected":false},"excerpt":{"rendered":"<p class=\"excerpt\">Tras una denuncia realizada a la Unidad de Protecci\u00f3n Ambiental de la Polic\u00eda Nacional; este martes t\u00e9cnicos de Vida Silvestre de la Direcci\u00f3n Provincial del Ambiente Tungurahua acudieron al recate de un mono Capuchino (Cebus albifrons) que se encontraba en la parroquia San Miguelito del cant\u00f3n P\u00edllaro, en la provincia de Tungurahua. Al llegar al sitio se\u00f1alado, los t\u00e9cnicos del&hellip; <a href=\"https:\/\/www.ambienteyenergia.gob.ec\/ambiente\/mae-rescata-un-mono-capuchino-en-pillaro\/\">Read more &rarr;<\/a><\/p>\n","protected":false},"author":13,"featured_media":23214,"comment_status":"open","ping_status":"open","sticky":false,"template":"","format":"standard","meta":{"footnotes":""},"categories":[16,4],"tags":[],"class_list":["post-23351","post","type-post","status-publish","format-standard","has-post-thumbnail","hentry","category-comunicamos","category-noticias","xfolkentry"],"_links":{"self":[{"href":"https:\/\/www.ambienteyenergia.gob.ec\/ambiente\/wp-json\/wp\/v2\/posts\/23351","targetHints":{"allow":["GET"]}}],"collection":[{"href":"https:\/\/www.ambienteyenergia.gob.ec\/ambiente\/wp-json\/wp\/v2\/posts"}],"about":[{"href":"https:\/\/www.ambienteyenergia.gob.ec\/ambiente\/wp-json\/wp\/v2\/types\/post"}],"author":[{"embeddable":true,"href":"https:\/\/www.ambienteyenergia.gob.ec\/ambiente\/wp-json\/wp\/v2\/users\/13"}],"replies":[{"embeddable":true,"href":"https:\/\/www.ambienteyenergia.gob.ec\/ambiente\/wp-json\/wp\/v2\/comments?post=23351"}],"version-history":[{"count":0,"href":"https:\/\/www.ambienteyenergia.gob.ec\/ambiente\/wp-json\/wp\/v2\/posts\/23351\/revisions"}],"wp:featuredmedia":[{"embeddable":true,"href":"https:\/\/www.ambienteyenergia.gob.ec\/ambiente\/wp-json\/wp\/v2\/media\/23214"}],"wp:attachment":[{"href":"https:\/\/www.ambienteyenergia.gob.ec\/ambiente\/wp-json\/wp\/v2\/media?parent=23351"}],"wp:term":[{"taxonomy":"category","embeddable":true,"href":"https:\/\/www.ambienteyenergia.gob.ec\/ambiente\/wp-json\/wp\/v2\/categories?post=23351"},{"taxonomy":"post_tag","embeddable":true,"href":"https:\/\/www.ambienteyenergia.gob.ec\/ambiente\/wp-json\/wp\/v2\/tags?post=23351"}],"curies":[{"name":"wp","href":"https:\/\/api.w.org\/{rel}","templated":true}]}}