{"id":23344,"date":"2014-11-11T15:07:50","date_gmt":"2014-11-11T20:07:50","guid":{"rendered":"http:\/\/www.ambiente.gob.ec\/?p=23344"},"modified":"2014-11-11T16:38:03","modified_gmt":"2014-11-11T21:38:03","slug":"mae-fomenta-la-proteccion-de-cuencas-hidrograficas-en-los-rios","status":"publish","type":"post","link":"https:\/\/www.ambienteyenergia.gob.ec\/ambiente\/mae-fomenta-la-proteccion-de-cuencas-hidrograficas-en-los-rios\/","title":{"rendered":"MAE fomenta la protecci\u00f3n de cuencas hidrogr\u00e1ficas en Los R\u00edos"},"content":{"rendered":"<p style=\"text-align: justify;\">El Proyecto de Adaptaci\u00f3n al Cambio Clim\u00e1tico (PACC), como parte del proyecto de reforestaci\u00f3n de las riveras del r\u00edo Cristal, entreg\u00f3 de manera oficial 12 900 plantas a habitantes de Buena Fe, Mocache y Valencia. Esta iniciativa nace de la necesidad de fomentar el cuidado de las fuentes de agua al mismo tiempo que los peque\u00f1os agricultores puedan mejorar su calidad de vida con especies frutales que puedan ser comercializadas en un futuro.<\/p>\n<p style=\"text-align: justify;\">\nEsta iniciativa, financiada por medio de Global Environment Fund (GEF) y apoyada por el Programa de Las Naciones Unidas para el Desarrollo (PNUD), beneficiar\u00e1 a 120 familias y permitir\u00e1 reforestar aproximadamente 32 hect\u00e1reas.<\/p>\n<p style=\"text-align: justify;\">\nEl Prefecto de Los R\u00edos agradeci\u00f3 la colaboraci\u00f3n del Ministerio del Ambiente e hizo un llamado a los agricultores para proteger las fuentes de agua y su promover el correcto manejo de cuencas h\u00eddricas. Asimismo, se comprometi\u00f3 p\u00fablicamente a invertir en proyectos de reforestaci\u00f3n como medida de mitigaci\u00f3n de los efectos del cambio clim\u00e1tico en las zonas m\u00e1s vulnerables.<\/p>\n<p style=\"text-align: justify;\">Representantes del MAE resaltaron las acciones ejecutadas en la zona como medidas de adaptaci\u00f3n al cambio clim\u00e1tico, y motivaron a las comunidades a unirse a las iniciativas ambientales que se encuentran vigentes en la actualidad, lo que permitir\u00e1 contribuir al aumento de sumideros de carbono.<\/p>\n<p style=\"text-align: justify;\">\nSe dieron cita en este evento, miembros de las comunidades beneficiadas, autoridades de los GAD cantonales y provincial, miembros de la Direcci\u00f3n Provincial de Los R\u00edos y t\u00e9cnicos del Proyecto PACC.<\/p>\n<p style=\"text-align: justify;\">\n<strong>Fomentando la reforestaci\u00f3n con especies nativas<\/strong><br \/>\nUno de los principales objetivos de esta iniciativa es motivar a los Gobiernos Locales al desarrollo de proyectos de reforestaci\u00f3n de especies forestales nativas con enfoque especial en el cuidado de fuentes h\u00eddricas.<\/p>\n<p style=\"text-align: justify;\">\nEntre las especies maderables que se entregaron podemos mencionar laurel, sam\u00e1n, guayac\u00e1n, fern\u00e1n s\u00e1nchez, pechiche, guachapel\u00ed y entre las especies frutales tenemos mandarina, naranja, lim\u00f3n y guan\u00e1bana. Esta actividad se fortalecer\u00e1 con la entrega de plantas de ca\u00f1a para la protecci\u00f3n de las riveras de los r\u00edos.<\/p>\n","protected":false},"excerpt":{"rendered":"<p class=\"excerpt\">El Proyecto de Adaptaci\u00f3n al Cambio Clim\u00e1tico (PACC), como parte del proyecto de reforestaci\u00f3n de las riveras del r\u00edo Cristal, entreg\u00f3 de manera oficial 12 900 plantas a habitantes de Buena Fe, Mocache y Valencia. Esta iniciativa nace de la necesidad de fomentar el cuidado de las fuentes de agua al mismo tiempo que los peque\u00f1os agricultores puedan mejorar su&hellip; <a href=\"https:\/\/www.ambienteyenergia.gob.ec\/ambiente\/mae-fomenta-la-proteccion-de-cuencas-hidrograficas-en-los-rios\/\">Read more &rarr;<\/a><\/p>\n","protected":false},"author":13,"featured_media":23345,"comment_status":"open","ping_status":"open","sticky":false,"template":"","format":"standard","meta":{"footnotes":""},"categories":[16,4],"tags":[133,108,53,489],"class_list":["post-23344","post","type-post","status-publish","format-standard","has-post-thumbnail","hentry","category-comunicamos","category-noticias","tag-cambio-climatico","tag-lorena-tapia","tag-mae","tag-pacc","xfolkentry"],"_links":{"self":[{"href":"https:\/\/www.ambienteyenergia.gob.ec\/ambiente\/wp-json\/wp\/v2\/posts\/23344","targetHints":{"allow":["GET"]}}],"collection":[{"href":"https:\/\/www.ambienteyenergia.gob.ec\/ambiente\/wp-json\/wp\/v2\/posts"}],"about":[{"href":"https:\/\/www.ambienteyenergia.gob.ec\/ambiente\/wp-json\/wp\/v2\/types\/post"}],"author":[{"embeddable":true,"href":"https:\/\/www.ambienteyenergia.gob.ec\/ambiente\/wp-json\/wp\/v2\/users\/13"}],"replies":[{"embeddable":true,"href":"https:\/\/www.ambienteyenergia.gob.ec\/ambiente\/wp-json\/wp\/v2\/comments?post=23344"}],"version-history":[{"count":0,"href":"https:\/\/www.ambienteyenergia.gob.ec\/ambiente\/wp-json\/wp\/v2\/posts\/23344\/revisions"}],"wp:featuredmedia":[{"embeddable":true,"href":"https:\/\/www.ambienteyenergia.gob.ec\/ambiente\/wp-json\/wp\/v2\/media\/23345"}],"wp:attachment":[{"href":"https:\/\/www.ambienteyenergia.gob.ec\/ambiente\/wp-json\/wp\/v2\/media?parent=23344"}],"wp:term":[{"taxonomy":"category","embeddable":true,"href":"https:\/\/www.ambienteyenergia.gob.ec\/ambiente\/wp-json\/wp\/v2\/categories?post=23344"},{"taxonomy":"post_tag","embeddable":true,"href":"https:\/\/www.ambienteyenergia.gob.ec\/ambiente\/wp-json\/wp\/v2\/tags?post=23344"}],"curies":[{"name":"wp","href":"https:\/\/api.w.org\/{rel}","templated":true}]}}