{"id":23341,"date":"2014-11-11T15:03:42","date_gmt":"2014-11-11T20:03:42","guid":{"rendered":"http:\/\/www.ambiente.gob.ec\/?p=23341"},"modified":"2014-11-11T15:03:42","modified_gmt":"2014-11-11T20:03:42","slug":"mae-realizo-encuentro-tecnico-para-el-analisis-de-informacion-y-presentacion-de-resultados-del-modelo-de-priorizacion-de-areas-redd","status":"publish","type":"post","link":"https:\/\/www.ambienteyenergia.gob.ec\/ambiente\/mae-realizo-encuentro-tecnico-para-el-analisis-de-informacion-y-presentacion-de-resultados-del-modelo-de-priorizacion-de-areas-redd\/","title":{"rendered":"MAE realiz\u00f3 encuentro t\u00e9cnico para el an\u00e1lisis de informaci\u00f3n y presentaci\u00f3n de resultados del modelo de priorizaci\u00f3n de \u00e1reas REDD+"},"content":{"rendered":"<p align=\"JUSTIFY\"><span style=\"font-family: Arial,sans-serif;\">El Ministerio del Ambiente (MAE) con el apoyo del Programa Nacional Conjunto ONU-REDD, realiz\u00f3 el \u201c<i><b>Encuentro t\u00e9cnico para el an\u00e1lisis de informaci\u00f3n y presentaci\u00f3n de resultados del modelo de priorizaci\u00f3n de \u00e1reas REDD+\u201d<\/b><\/i><i>. <\/i>Este evento tuvo como objetivo transferir informaci\u00f3n y conocimiento te\u00f3rico-pr\u00e1ctico sobre \u00e1reas REDD+.<\/span><\/p>\n<p align=\"JUSTIFY\"><span style=\"font-family: Arial,sans-serif;\">El MAE y ONU-REDD trabajan en el desarrollo de herramientas que contribuyen al proceso REDD+ en Ecuador, a trav\u00e9s de an\u00e1lisis espaciales y econ\u00f3micos que permiten en conjunto determinar \u00e1reas prioritarias de intervenci\u00f3n, medidas y acciones REDD+ en territorio, as\u00ed como alternativas a futuro bajo distintos escenarios de desarrollo.<\/span><\/p>\n<p align=\"JUSTIFY\"><span style=\"font-family: Arial,sans-serif;\">Como parte de la metodolog\u00eda que se aplic\u00f3 en el taller se utilizaron varias herramientas de acceso libre (Din<\/span><span style=\"font-family: Arial,sans-serif;\">\u00e1<\/span><span style=\"font-family: Arial,sans-serif;\">mica EGO, Marxan), sus manuales y tutor\u00edas, m\u00e1s una gu\u00eda simplificada. Para el an\u00e1lisis de costos de oportunidad se aplic\u00f3 la herramienta de estimaci\u00f3n desarrollada por el PNC ONU-REDD. <\/span><\/p>\n<p align=\"JUSTIFY\"><span style=\"font-family: Arial,sans-serif;\">Para mayor informaci\u00f3n, usted se puede comunicar con Jos\u00e9 Arroyo (<\/span><a href=\"mailto:jose.arroyo@ambiente.gob.ec\" target=\"_blank\"><span style=\"color: #0000ff;\"><span style=\"font-family: Arial,sans-serif;\">jose.arroyo@ambiente.gob.ec<\/span><\/span><\/a><span style=\"font-family: Arial,sans-serif;\">) al tel\u00e9fono (02) 398-7600 ext. 1315, o con Francisco Moscoso ( <\/span><a href=\"mailto:fmoscoso@pnc-onureddecuador.org\" target=\"_blank\"><span style=\"color: #0000ff;\"><span style=\"font-family: Arial,sans-serif;\">fmoscoso@pnc-onureddecuador.org<\/span><\/span><\/a><span style=\"font-family: Arial,sans-serif;\">) al (02) 254-3763.<\/span><\/p>\n","protected":false},"excerpt":{"rendered":"<p class=\"excerpt\">El Ministerio del Ambiente (MAE) con el apoyo del Programa Nacional Conjunto ONU-REDD, realiz\u00f3 el \u201cEncuentro t\u00e9cnico para el an\u00e1lisis de informaci\u00f3n y presentaci\u00f3n de resultados del modelo de priorizaci\u00f3n de \u00e1reas REDD+\u201d. Este evento tuvo como objetivo transferir informaci\u00f3n y conocimiento te\u00f3rico-pr\u00e1ctico sobre \u00e1reas REDD+. El MAE y ONU-REDD trabajan en el desarrollo de herramientas que contribuyen al proceso&hellip; <a href=\"https:\/\/www.ambienteyenergia.gob.ec\/ambiente\/mae-realizo-encuentro-tecnico-para-el-analisis-de-informacion-y-presentacion-de-resultados-del-modelo-de-priorizacion-de-areas-redd\/\">Read more &rarr;<\/a><\/p>\n","protected":false},"author":13,"featured_media":23342,"comment_status":"open","ping_status":"open","sticky":false,"template":"","format":"standard","meta":{"footnotes":""},"categories":[16,4],"tags":[133,108,53,354],"class_list":["post-23341","post","type-post","status-publish","format-standard","has-post-thumbnail","hentry","category-comunicamos","category-noticias","tag-cambio-climatico","tag-lorena-tapia","tag-mae","tag-redd","xfolkentry"],"_links":{"self":[{"href":"https:\/\/www.ambienteyenergia.gob.ec\/ambiente\/wp-json\/wp\/v2\/posts\/23341","targetHints":{"allow":["GET"]}}],"collection":[{"href":"https:\/\/www.ambienteyenergia.gob.ec\/ambiente\/wp-json\/wp\/v2\/posts"}],"about":[{"href":"https:\/\/www.ambienteyenergia.gob.ec\/ambiente\/wp-json\/wp\/v2\/types\/post"}],"author":[{"embeddable":true,"href":"https:\/\/www.ambienteyenergia.gob.ec\/ambiente\/wp-json\/wp\/v2\/users\/13"}],"replies":[{"embeddable":true,"href":"https:\/\/www.ambienteyenergia.gob.ec\/ambiente\/wp-json\/wp\/v2\/comments?post=23341"}],"version-history":[{"count":0,"href":"https:\/\/www.ambienteyenergia.gob.ec\/ambiente\/wp-json\/wp\/v2\/posts\/23341\/revisions"}],"wp:featuredmedia":[{"embeddable":true,"href":"https:\/\/www.ambienteyenergia.gob.ec\/ambiente\/wp-json\/wp\/v2\/media\/23342"}],"wp:attachment":[{"href":"https:\/\/www.ambienteyenergia.gob.ec\/ambiente\/wp-json\/wp\/v2\/media?parent=23341"}],"wp:term":[{"taxonomy":"category","embeddable":true,"href":"https:\/\/www.ambienteyenergia.gob.ec\/ambiente\/wp-json\/wp\/v2\/categories?post=23341"},{"taxonomy":"post_tag","embeddable":true,"href":"https:\/\/www.ambienteyenergia.gob.ec\/ambiente\/wp-json\/wp\/v2\/tags?post=23341"}],"curies":[{"name":"wp","href":"https:\/\/api.w.org\/{rel}","templated":true}]}}