{"id":23331,"date":"2014-11-10T20:53:25","date_gmt":"2014-11-11T01:53:25","guid":{"rendered":"http:\/\/www.ambiente.gob.ec\/?p=23331"},"modified":"2014-11-11T13:56:09","modified_gmt":"2014-11-11T18:56:09","slug":"ministra-lorena-tapia-destaco-gestion-ambiental-en-el-marco-de-la-v-edicion-de-la-cumbre-mundial-del-banano","status":"publish","type":"post","link":"https:\/\/www.ambienteyenergia.gob.ec\/ambiente\/ministra-lorena-tapia-destaco-gestion-ambiental-en-el-marco-de-la-v-edicion-de-la-cumbre-mundial-del-banano\/","title":{"rendered":"Ministra Lorena Tapia destac\u00f3 gesti\u00f3n ambiental en el marco de la V Edici\u00f3n de la Cumbre Mundial del Banano"},"content":{"rendered":"<div style=\"text-align: justify;\"><span id=\"OBJ_PREFIX_DWT382_com_zimbra_date\" class=\"Object\">Hoy<\/span>, la Ministra de Ambiente de Ecuador, Lorena Tapia N\u00fa\u00f1ez particip\u00f3 de una rueda de prensa junto con Alfonso Roggiero, Presidente de la Asociaci\u00f3n de Graduados de Earth Ecuador (AGEARTH), en el marco de la V Cumbre Mundial del Banano, que se celebra en Guayaquil hasta el pr\u00f3ximo <span id=\"OBJ_PREFIX_DWT383_com_zimbra_date\" class=\"Object\">jueves<\/span> con la presencia del sector empresarial bananero de Ecuador.<\/div>\n<div style=\"text-align: justify;\"><\/div>\n<div style=\"text-align: justify;\">Con el objetivo de dar a conocer el trabajo que se fomenta en el sector bananero a trav\u00e9s del Ministerio del Ambiente de Ecuador (MAE), la m\u00e1xima Autoridad Ambiental reconoci\u00f3 que la actividad productiva del pa\u00eds debe fomentar el trabajo por medio de las aplicaci\u00f3n de buenas pr\u00e1cticas ambientales, lo que dar\u00e1 posibilitar\u00e1 dar un valor agregado a los productos y servicios que se ofrecen a nivel local y mundial.<\/div>\n<div style=\"text-align: justify;\"><\/div>\n<div style=\"text-align: justify;\">\u201cEs necesario que las actividades productivas se fortalezcan hacia constituirse en actividades m\u00e1s sostenibles, realmente esto se trata de educaci\u00f3n y conciencia ambiental en la cual debemos estar \u201cactivados\u201d, que no es m\u00e1s que ser actores no espectadores\u201d, resalt\u00f3 Tapia.<\/div>\n<div style=\"text-align: justify;\"><\/div>\n<div style=\"text-align: justify;\">El MAE ha desarrollado el plan manejo de franjas de seguridad con el objetivo de contribuir a la disminuci\u00f3n en la contaminaci\u00f3n a poblados, colegio, escuelas, caser\u00edos , cuerpos de agua, prevenci\u00f3n de la erosi\u00f3n en los canales de drenaje y dem\u00e1s focos de amenaza, que busca construir una imagen distinta de producci\u00f3n en miras de la sostenibilidad.<\/div>\n<div style=\"text-align: justify;\"><\/div>\n<div style=\"text-align: justify;\">\u201cComo Ministerio del Ambiente es nuestro af\u00e1n el encontrar una mayor conciencia ambiental en los ciudadanos en esta ocasi\u00f3n a los productores bananeros y otros integrantes de la cadena de producci\u00f3n, enfatizando los procesos de seguridad ambiental y de salud\u201d, coment\u00f3 la Ministra.<\/div>\n<div style=\"text-align: justify;\"><\/div>\n<div style=\"text-align: justify;\">Esta Cartera de Estado ha establecido diferentes mecanismos e incentivos para el sector industrial, a trav\u00e9s de la publicaci\u00f3n del Acuerdo Ministerial N\u00b0 225 sobre la Certificaci\u00f3n Ecuatoriana Ambiental (CEA) Punto Verde con el af\u00e1n de vincular a las empresas productivas y de servicio a generar procesos de producci\u00f3n m\u00e1s limpia por medio de cuatro ejes macro, en relaci\u00f3n a la reducci\u00f3n de emisiones y consumo de energ\u00eda.<\/div>\n<div style=\"text-align: justify;\"><\/div>\n<div style=\"text-align: justify;\">Luego de la rueda de prensa la Secretaria de Estado realiz\u00f3 un recorrido por la feria de productos y servicios bananeros, en la que pudo compartir con los principales actores de este sector experiencias sobre procesos de producci\u00f3n m\u00e1s limpia y adem\u00e1s de la aplicaci\u00f3n de planes de desarrollo sostenible dentro de este sector.<\/div>\n<div style=\"text-align: justify;\"><\/div>\n<div style=\"text-align: justify;\">En la noche la Ministra de Ambiente particip\u00f3 en la inauguraci\u00f3n de la V Edici\u00f3n de la Cumbre Mundial del Banano junto con el Vicepresidente de la Rep\u00fablica, Jorge Glas quien en su discurso reconoci\u00f3 que el Gobierno Nacional no escatimar\u00e1 recursos para alentar la producci\u00f3n nacional como eje fundamental en el desarrollo de esta nueva estructura social, que tiene adem\u00e1s principal inter\u00e9s en el cuidado y protecci\u00f3n del ambiente por alcanzar la Sociedad del Buen Vivir.<\/div>\n<div style=\"text-align: justify;\"><\/div>\n<div style=\"text-align: justify;\"><strong>El Dato<\/strong><\/div>\n<div style=\"text-align: justify;\"><\/div>\n<div style=\"text-align: justify;\">El Ministerio del Ambiente present\u00f3 el Manual sobre Manejo de Franjas de Seguridad en fincas bananeras que ser\u00e1 entregado de forma digital a este sector para que, a partir de \u00e9ste documento, la industria ecuatoriana sea un sector m\u00e1s verde.<\/div>\n<div style=\"text-align: justify;\"><\/div>\n","protected":false},"excerpt":{"rendered":"<p class=\"excerpt\">Hoy, la Ministra de Ambiente de Ecuador, Lorena Tapia N\u00fa\u00f1ez particip\u00f3 de una rueda de prensa junto con Alfonso Roggiero, Presidente de la Asociaci\u00f3n de Graduados de Earth Ecuador (AGEARTH), en el marco de la V Cumbre Mundial del Banano, que se celebra en Guayaquil hasta el pr\u00f3ximo jueves con la presencia del sector empresarial bananero de Ecuador. Con el&hellip; <a href=\"https:\/\/www.ambienteyenergia.gob.ec\/ambiente\/ministra-lorena-tapia-destaco-gestion-ambiental-en-el-marco-de-la-v-edicion-de-la-cumbre-mundial-del-banano\/\">Read more &rarr;<\/a><\/p>\n","protected":false},"author":13,"featured_media":23339,"comment_status":"open","ping_status":"open","sticky":false,"template":"","format":"standard","meta":{"footnotes":""},"categories":[16,4],"tags":[],"class_list":["post-23331","post","type-post","status-publish","format-standard","has-post-thumbnail","hentry","category-comunicamos","category-noticias","xfolkentry"],"_links":{"self":[{"href":"https:\/\/www.ambienteyenergia.gob.ec\/ambiente\/wp-json\/wp\/v2\/posts\/23331","targetHints":{"allow":["GET"]}}],"collection":[{"href":"https:\/\/www.ambienteyenergia.gob.ec\/ambiente\/wp-json\/wp\/v2\/posts"}],"about":[{"href":"https:\/\/www.ambienteyenergia.gob.ec\/ambiente\/wp-json\/wp\/v2\/types\/post"}],"author":[{"embeddable":true,"href":"https:\/\/www.ambienteyenergia.gob.ec\/ambiente\/wp-json\/wp\/v2\/users\/13"}],"replies":[{"embeddable":true,"href":"https:\/\/www.ambienteyenergia.gob.ec\/ambiente\/wp-json\/wp\/v2\/comments?post=23331"}],"version-history":[{"count":0,"href":"https:\/\/www.ambienteyenergia.gob.ec\/ambiente\/wp-json\/wp\/v2\/posts\/23331\/revisions"}],"wp:featuredmedia":[{"embeddable":true,"href":"https:\/\/www.ambienteyenergia.gob.ec\/ambiente\/wp-json\/wp\/v2\/media\/23339"}],"wp:attachment":[{"href":"https:\/\/www.ambienteyenergia.gob.ec\/ambiente\/wp-json\/wp\/v2\/media?parent=23331"}],"wp:term":[{"taxonomy":"category","embeddable":true,"href":"https:\/\/www.ambienteyenergia.gob.ec\/ambiente\/wp-json\/wp\/v2\/categories?post=23331"},{"taxonomy":"post_tag","embeddable":true,"href":"https:\/\/www.ambienteyenergia.gob.ec\/ambiente\/wp-json\/wp\/v2\/tags?post=23331"}],"curies":[{"name":"wp","href":"https:\/\/api.w.org\/{rel}","templated":true}]}}