{"id":23296,"date":"2014-11-09T14:33:11","date_gmt":"2014-11-09T19:33:11","guid":{"rendered":"http:\/\/www.ambiente.gob.ec\/?p=23296"},"modified":"2014-11-09T14:34:39","modified_gmt":"2014-11-09T19:34:39","slug":"presidente-correa-califica-de-historica-cumbre-mundial-sobre-especies-migratorias","status":"publish","type":"post","link":"https:\/\/www.ambienteyenergia.gob.ec\/ambiente\/presidente-correa-califica-de-historica-cumbre-mundial-sobre-especies-migratorias\/","title":{"rendered":"Presidente Correa califica de hist\u00f3rica Cumbre Mundial sobre especies migratorias"},"content":{"rendered":"<p style=\"text-align: justify; text-justify: inter-ideograph;\">Ecuador fue seleccionado para esta cita mundial y se convirti\u00f3 en el\u00a0primer pa\u00eds de Latinaom\u00e9rica en organizar este encuentro, dijo el Mandatario durante el Enlace Ciudadano 398 difundido desde el cant\u00f3n\u00a0Gonzalo Pizarro.<\/p>\n<p style=\"text-align: justify; text-justify: inter-ideograph;\">Correa destac\u00f3 la participaci\u00f3n en el foro de los especialistas como\u00a0Philippe Cousteau, reconocido periodista especializado en temas ambientales quien se refiri\u00f3 al Ecuador como un l\u00edder mundial en\u00a0materia de conservaci\u00f3n y protecci\u00f3n de la naturaleza.<\/p>\n<p style=\"text-align: justify; text-justify: inter-ideograph;\">La ministra de Ambiente, Lorena Tapia, dijo que este espacio busca\u00a0asegurar la supervivencia de las especies migratorias y sus h\u00e1bitats, a trav\u00e9s de la aplicaci\u00f3n de mecanismos y pol\u00edticas locales e\u00a0internacionales.<\/p>\n<p style=\"text-align: justify; text-justify: inter-ideograph;\">Tapia reiter\u00f3 que este evento es un hito hist\u00f3rico para el pa\u00eds.\u00a0\u201cTenemos una oportunidad \u00fanica de generar pol\u00edticas, mecanismos y consensos de car\u00e1cter regional y mundial, en pro del cuidado de\u00a0nuestros recursos naturales, generando as\u00ed una conciencia de\u00a0conservaci\u00f3n\u201d.<\/p>\n<p style=\"text-align: justify; text-justify: inter-ideograph;\">La ministra Tapia fue elegida como Presidenta de la Und\u00e9cima\u00a0Conferencia de las Partes (COP, por sus siglas en ingles) sobre la Conservaci\u00f3n de Especies Migratorias de Animales Silvestres (CMS), un\u00a0cargo que mantendr\u00e1 durante los pr\u00f3ximos 3 a\u00f1os.<\/p>\n<p style=\"text-align: justify; text-justify: inter-ideograph;\">Esta Convenci\u00f3n de Especies Migratorias, que culmina ma\u00f1ana,\u00a0constituye una oportunidad para demostrar el liderazgo del Ecuador en materia ambiental, por medio de la ejecuci\u00f3n de proyectos a nivel\u00a0nacional para la protecci\u00f3n de especies silvestres en el pa\u00eds.<\/p>\n<p style=\"text-align: justify; text-justify: inter-ideograph;\">Gracias a sus ecosistemas saludables 227 especies migratorias\u00a0atraviesan por el Ecuador para su reproducci\u00f3n, anidaci\u00f3n o\u00a0alimentaci\u00f3n. Por ello, nuestro pa\u00eds como l\u00edder de la regi\u00f3n plante\u00f3\u00a0la incorporaci\u00f3n de nuevas especies y recomend\u00f3 la adopci\u00f3n de\u00a0pol\u00edticas en beneficio de la conservaci\u00f3n de ellas. MNC\/El Ciudadano<\/p>\n","protected":false},"excerpt":{"rendered":"<p class=\"excerpt\">Ecuador fue seleccionado para esta cita mundial y se convirti\u00f3 en el\u00a0primer pa\u00eds de Latinaom\u00e9rica en organizar este encuentro, dijo el Mandatario durante el Enlace Ciudadano 398 difundido desde el cant\u00f3n\u00a0Gonzalo Pizarro. Correa destac\u00f3 la participaci\u00f3n en el foro de los especialistas como\u00a0Philippe Cousteau, reconocido periodista especializado en temas ambientales quien se refiri\u00f3 al Ecuador como un l\u00edder mundial en\u00a0materia&hellip; <a href=\"https:\/\/www.ambienteyenergia.gob.ec\/ambiente\/presidente-correa-califica-de-historica-cumbre-mundial-sobre-especies-migratorias\/\">Read more &rarr;<\/a><\/p>\n","protected":false},"author":13,"featured_media":22857,"comment_status":"open","ping_status":"open","sticky":false,"template":"","format":"standard","meta":{"footnotes":""},"categories":[16,4],"tags":[569,572,48,108,53],"class_list":["post-23296","post","type-post","status-publish","format-standard","has-post-thumbnail","hentry","category-comunicamos","category-noticias","tag-cms","tag-cop-11","tag-ecuador","tag-lorena-tapia","tag-mae","xfolkentry"],"_links":{"self":[{"href":"https:\/\/www.ambienteyenergia.gob.ec\/ambiente\/wp-json\/wp\/v2\/posts\/23296","targetHints":{"allow":["GET"]}}],"collection":[{"href":"https:\/\/www.ambienteyenergia.gob.ec\/ambiente\/wp-json\/wp\/v2\/posts"}],"about":[{"href":"https:\/\/www.ambienteyenergia.gob.ec\/ambiente\/wp-json\/wp\/v2\/types\/post"}],"author":[{"embeddable":true,"href":"https:\/\/www.ambienteyenergia.gob.ec\/ambiente\/wp-json\/wp\/v2\/users\/13"}],"replies":[{"embeddable":true,"href":"https:\/\/www.ambienteyenergia.gob.ec\/ambiente\/wp-json\/wp\/v2\/comments?post=23296"}],"version-history":[{"count":0,"href":"https:\/\/www.ambienteyenergia.gob.ec\/ambiente\/wp-json\/wp\/v2\/posts\/23296\/revisions"}],"wp:featuredmedia":[{"embeddable":true,"href":"https:\/\/www.ambienteyenergia.gob.ec\/ambiente\/wp-json\/wp\/v2\/media\/22857"}],"wp:attachment":[{"href":"https:\/\/www.ambienteyenergia.gob.ec\/ambiente\/wp-json\/wp\/v2\/media?parent=23296"}],"wp:term":[{"taxonomy":"category","embeddable":true,"href":"https:\/\/www.ambienteyenergia.gob.ec\/ambiente\/wp-json\/wp\/v2\/categories?post=23296"},{"taxonomy":"post_tag","embeddable":true,"href":"https:\/\/www.ambienteyenergia.gob.ec\/ambiente\/wp-json\/wp\/v2\/tags?post=23296"}],"curies":[{"name":"wp","href":"https:\/\/api.w.org\/{rel}","templated":true}]}}