{"id":23293,"date":"2014-11-09T14:19:36","date_gmt":"2014-11-09T19:19:36","guid":{"rendered":"http:\/\/www.ambiente.gob.ec\/?p=23293"},"modified":"2014-11-11T14:01:44","modified_gmt":"2014-11-11T19:01:44","slug":"cuatro-propuestas-de-ecuador-para-la-inclusion-de-especies-migratorias-en-apendices-i-y-ii-de-la-cms-fueron-aprobadas","status":"publish","type":"post","link":"https:\/\/www.ambienteyenergia.gob.ec\/ambiente\/cuatro-propuestas-de-ecuador-para-la-inclusion-de-especies-migratorias-en-apendices-i-y-ii-de-la-cms-fueron-aprobadas\/","title":{"rendered":"Cuatro propuestas de Ecuador para la inclusi\u00f3n de especies migratorias en Ap\u00e9ndices I y II de la CMS fueron aprobadas"},"content":{"rendered":"<p style=\"text-align: justify;\">En el Marco de la reuni\u00f3n final de la XI Convenci\u00f3n sobre Conservaci\u00f3n de las Especies Migratorias de Animales Silvestres (CMS) de la Conferencia de las Partes (COP) de forma un\u00e1nime se aprob\u00f3 la inclusi\u00f3n del Playerito Semipalmeado, la Reinita Canadiense, y los Tiburones Martillo Com\u00fan y Gigante dentro de los Ap\u00e9ndices I y II de esta convenci\u00f3n, respectivamente para promover el desarrollo de planes de acci\u00f3n regional y mundial que tiene como objetivo proteger los ecosistemas, h\u00e1bitats y sitios de reproducci\u00f3n para evitar su posible extinci\u00f3n.<\/p>\n<p style=\"text-align: justify;\">En su intervenci\u00f3n la Secretaria de Estado resalt\u00f3 la oportunidad mundial que se ha presentado a los pa\u00edses miembro para actuar en beneficio de la biodiversidad demostrando al planeta el nuevo enfoque de desarrollo que actualmente se estructura desde la perspectiva social y ambiental. \u201cSe necesitan sistemas de gobernanza eficaces en los pa\u00edses y es necesario incorporar en las leyes y las instituciones enfoques monetarios y no monetarios que garanticen la conservaci\u00f3n de los recursos naturales, as\u00ed como de la fauna y flora silvestre por su valor inherente, la distribuci\u00f3n justa y equitativa de los beneficios generados, en beneficio de las personas, particularmente de las comunidades y pueblos ind\u00edgenas, y del bienestar del planeta en general\u201d.<\/p>\n<p style=\"text-align: justify;\">Durante la tercera plenaria del foro de la COP, realizada el pasado jueves, Ecuador propuso de manera individual y conjunta con los gobiernos de Paraguay y Costa Rica la inclusi\u00f3n de estas especies en los ap\u00e9ndices como un mecanismo mundial para la conservaci\u00f3n, en el que se promover\u00e1n diferentes estrategias para su protecci\u00f3n, a partir del an\u00e1lisis de las principales amenazas a nivel local y de su sendero migratorio.<\/p>\n<p style=\"text-align: justify;\">La inserci\u00f3n del Playerito Semipalmeado se da en base a las evidencias de declinaci\u00f3n de los individuos de esta especie que anualmente representa al menos un 5%, debido a que enfrenta amenazas como la caza, la contaminaci\u00f3n y p\u00e9rdida de su h\u00e1bitat natural. Esta propuesta busca desarrollar un mecanismo de manejo de su h\u00e1bitat, reducir las amenazas a la migraci\u00f3n progresivamente, y parar de esta manera la p\u00e9rdida de individuos de esta ave.<\/p>\n<p style=\"text-align: justify;\">En la actualidad existen 1.4 millones de individuos de Reinita Canadiense y su declinaci\u00f3n es cr\u00edtica, se estima que su disminuci\u00f3n anual se acerca al 4.5% anual, principalmente por la p\u00e9rdida de su h\u00e1bitat debido a la expansi\u00f3n de la frontera agr\u00edcola en las naciones de permanencia y de la misma forma por las que viaja en su etapa migratoria.<\/p>\n<p style=\"text-align: justify;\">Respecto al Tibur\u00f3n Martillo Com\u00fan y Gigante, estudios recientes se\u00f1alan que existe una disminuci\u00f3n de entre el 50% al 90% a nivel mundial de los individuos de esta especie, causado por la pesca a gran escala, la reducci\u00f3n de su h\u00e1bitat y sitios de reproducci\u00f3n, lo que visibiliza el real estado de vulnerabilidad.<\/p>\n<p style=\"text-align: justify;\">Con el apoyo un\u00e1nime de los pa\u00edses miembros, hoy se oficializ\u00f3 la inclusi\u00f3n de las propuestas del Gobierno ecuatoriano, a trav\u00e9s de la mesa directiva presidida por la Ministra del Ambiente de Ecuador, Lorena Tapia N\u00fa\u00f1ez, lo cual firma un precedente de escala mundial en materia de compromiso ambiental global, demostrando adem\u00e1s la gran preocupaci\u00f3n por desarrollar planes globales de conservaci\u00f3n para la protecci\u00f3n de especies migratorias, lo que supone un trabajo mancomunado para evitar la extinci\u00f3n de estas especies.<\/p>\n<p style=\"text-align: justify;\">Adem\u00e1s, en la reuni\u00f3n de cierre de la CMS se oficializ\u00f3 la inclusi\u00f3n de 6 especies de mam\u00edferos, 5 especies de aves y 37 especies de peces en los Ap\u00e9ndices I y II que fueron apoyadas en su mayor\u00eda de forma un\u00e1nime por el pleno de la COP-11.<\/p>\n<p style=\"text-align: justify;\">\u201cLos derechos de la naturaleza, constituyen una herramienta importante para la protecci\u00f3n del derecho que las especies tienen a migrar, a que sus ecosistemas est\u00e9n adecuadamente conservados y brindan adem\u00e1s una condici\u00f3n jur\u00eddica que permite su efectiva defensa ante los tribunales, ampliando la disponibilidad de soluciones m\u00e1s all\u00e1 de las revisiones de procedimientos como es la pr\u00e1ctica actual\u201d, exalt\u00f3 la M\u00e1xima Autoridad Ambiental.<\/p>\n<p style=\"text-align: justify;\"><strong>El Dato<\/strong><\/p>\n<p style=\"text-align: justify;\">Cabe destacar que en Ecuador en la COP10, realizada en 2011 en Bergen, Noruega y Ecuador lider\u00f3 la propuesta de inclusi\u00f3n de la mantarraya gigante <em>(Manta birostris)<\/em> en los Ap\u00e9ndices I y II aceptada unilateralmente.<\/p>\n<p style=\"text-align: justify;\">As\u00ed, en la Isla de la Plata, Manab\u00ed se lleva a cabo un proyecto de investigaci\u00f3n sobre esta especie que tiene en la actualidad 1 600 individuos reportados para la zona, siendo el mayor n\u00famero de individuos de esta especie. Este proyecto de investigaci\u00f3n es liderado por la Fundaci\u00f3n Megafauna Marina de Ecuador.<\/p>\n","protected":false},"excerpt":{"rendered":"<p class=\"excerpt\">En el Marco de la reuni\u00f3n final de la XI Convenci\u00f3n sobre Conservaci\u00f3n de las Especies Migratorias de Animales Silvestres (CMS) de la Conferencia de las Partes (COP) de forma un\u00e1nime se aprob\u00f3 la inclusi\u00f3n del Playerito Semipalmeado, la Reinita Canadiense, y los Tiburones Martillo Com\u00fan y Gigante dentro de los Ap\u00e9ndices I y II de esta convenci\u00f3n, respectivamente para&hellip; <a href=\"https:\/\/www.ambienteyenergia.gob.ec\/ambiente\/cuatro-propuestas-de-ecuador-para-la-inclusion-de-especies-migratorias-en-apendices-i-y-ii-de-la-cms-fueron-aprobadas\/\">Read more &rarr;<\/a><\/p>\n","protected":false},"author":13,"featured_media":23294,"comment_status":"open","ping_status":"open","sticky":false,"template":"","format":"standard","meta":{"footnotes":""},"categories":[16,4],"tags":[569,572,48,108,53],"class_list":["post-23293","post","type-post","status-publish","format-standard","has-post-thumbnail","hentry","category-comunicamos","category-noticias","tag-cms","tag-cop-11","tag-ecuador","tag-lorena-tapia","tag-mae","xfolkentry"],"_links":{"self":[{"href":"https:\/\/www.ambienteyenergia.gob.ec\/ambiente\/wp-json\/wp\/v2\/posts\/23293","targetHints":{"allow":["GET"]}}],"collection":[{"href":"https:\/\/www.ambienteyenergia.gob.ec\/ambiente\/wp-json\/wp\/v2\/posts"}],"about":[{"href":"https:\/\/www.ambienteyenergia.gob.ec\/ambiente\/wp-json\/wp\/v2\/types\/post"}],"author":[{"embeddable":true,"href":"https:\/\/www.ambienteyenergia.gob.ec\/ambiente\/wp-json\/wp\/v2\/users\/13"}],"replies":[{"embeddable":true,"href":"https:\/\/www.ambienteyenergia.gob.ec\/ambiente\/wp-json\/wp\/v2\/comments?post=23293"}],"version-history":[{"count":0,"href":"https:\/\/www.ambienteyenergia.gob.ec\/ambiente\/wp-json\/wp\/v2\/posts\/23293\/revisions"}],"wp:featuredmedia":[{"embeddable":true,"href":"https:\/\/www.ambienteyenergia.gob.ec\/ambiente\/wp-json\/wp\/v2\/media\/23294"}],"wp:attachment":[{"href":"https:\/\/www.ambienteyenergia.gob.ec\/ambiente\/wp-json\/wp\/v2\/media?parent=23293"}],"wp:term":[{"taxonomy":"category","embeddable":true,"href":"https:\/\/www.ambienteyenergia.gob.ec\/ambiente\/wp-json\/wp\/v2\/categories?post=23293"},{"taxonomy":"post_tag","embeddable":true,"href":"https:\/\/www.ambienteyenergia.gob.ec\/ambiente\/wp-json\/wp\/v2\/tags?post=23293"}],"curies":[{"name":"wp","href":"https:\/\/api.w.org\/{rel}","templated":true}]}}