{"id":23271,"date":"2014-11-07T16:49:55","date_gmt":"2014-11-07T21:49:55","guid":{"rendered":"http:\/\/www.ambiente.gob.ec\/?p=23271"},"modified":"2014-11-07T17:10:23","modified_gmt":"2014-11-07T22:10:23","slug":"preservacion-de-los-humedales-altoandinos-y-aves-migratorias","status":"publish","type":"post","link":"https:\/\/www.ambienteyenergia.gob.ec\/ambiente\/preservacion-de-los-humedales-altoandinos-y-aves-migratorias\/","title":{"rendered":"Preservaci\u00f3n de los humedales altoandinos y aves migratorias"},"content":{"rendered":"<p style=\"text-align: justify;\">La importancia de los humedales altoandinos de la regi\u00f3n fue uno de los temas discutidos hoy en una de las reuniones paralelas en el marco de la XI Conferencia de las Partes (COP, por sus siglas en ingl\u00e9s), con el objetivo de fortalecer su importancia como corredores a\u00e9reos para el paso de aves migratorias en 8 pa\u00edses de la regi\u00f3n, del que Ecuador es signatario.<\/p>\n<p style=\"text-align: justify;\">Francisco Prieto, Subsecretario de Patrimonio Natural del Ministerio del Ambiente del Ecuador (MAE), solicit\u00f3 a las partes la creaci\u00f3n de un plan de trabajo regional que consolide las labores de los pa\u00edses participantes, para el bienestar de las aves que est\u00e1n de paso.<\/p>\n<p style=\"text-align: justify;\">Ante ello, Francisco Rilla, representante de la Convenci\u00f3n de Especies Migratorias (CMS), formaliz\u00f3 el apoyo para esta iniciativa, a trav\u00e9s de asesoramiento t\u00e9cnico a los pa\u00edses signatarios para establecer un plan regional para la conservaci\u00f3n de humedales, y as\u00ed aunar esfuerzos en favor de las aves migratorias.<\/p>\n<p style=\"text-align: justify;\">Para la Convenci\u00f3n de protecci\u00f3n de los humedales RAMSAR, administradora del acuerdo de protecci\u00f3n de los humedales altosandinos, el trabajo se ha consolidado desde 2005, explic\u00f3 su representante Mar\u00eda Rivera, fecha en que se aprobaron las estrategias de conservaci\u00f3n de estos. Los pa\u00edses que la conforman son: Argentina, Bolivia, Chile, Colombia, Per\u00fa y Costa Rica.<\/p>\n<p style=\"text-align: justify;\">Marcela Torres, en representaci\u00f3n del Ecuador, resalt\u00f3 que el pa\u00eds cuenta con un marco jur\u00eddico que protege los humedales, tales como Constituci\u00f3n, C\u00f3digo Org\u00e1nico Integral Penal (COIP), C\u00f3digo Org\u00e1nico Territorial (COTAP), Texto Unificado de Legislaci\u00f3n Ambiental Secundaria (TULAS), entre otros, siendo estos un mecanismo de conservaci\u00f3n importante.<\/p>\n<p style=\"text-align: justify;\">No obstante, Isadora Angarita Mart\u00ednez, representante de la Fundaci\u00f3n Birdlife, explic\u00f3 parte de las acciones que se emprenden en la regi\u00f3n para establecer los sitios de importancia, las amenazas, concienciaci\u00f3n poblacional, buenas pr\u00e1cticas de conservaci\u00f3n, planes de manejo, reforestaci\u00f3n, como las m\u00e1s destacadas y ejecutadas.<\/p>\n<p style=\"text-align: justify;\">Asimismo, destac\u00f3 la creaci\u00f3n de un plan piloto de conservaci\u00f3n, en el que Ecuador participa con el Parque Nacional Llanganates, el que ser\u00e1 presentado a las autoridades nacionales y locales para su implementaci\u00f3n en esta \u00e1rea. Tambi\u00e9n se trabaja en otros lugares como el Lago Jun\u00edn de Per\u00fa.<\/p>\n","protected":false},"excerpt":{"rendered":"<p class=\"excerpt\">La importancia de los humedales altoandinos de la regi\u00f3n fue uno de los temas discutidos hoy en una de las reuniones paralelas en el marco de la XI Conferencia de las Partes (COP, por sus siglas en ingl\u00e9s), con el objetivo de fortalecer su importancia como corredores a\u00e9reos para el paso de aves migratorias en 8 pa\u00edses de la regi\u00f3n,&hellip; <a href=\"https:\/\/www.ambienteyenergia.gob.ec\/ambiente\/preservacion-de-los-humedales-altoandinos-y-aves-migratorias\/\">Read more &rarr;<\/a><\/p>\n","protected":false},"author":13,"featured_media":23272,"comment_status":"open","ping_status":"open","sticky":false,"template":"","format":"standard","meta":{"footnotes":""},"categories":[16,4],"tags":[569,572,108,53],"class_list":["post-23271","post","type-post","status-publish","format-standard","has-post-thumbnail","hentry","category-comunicamos","category-noticias","tag-cms","tag-cop-11","tag-lorena-tapia","tag-mae","xfolkentry"],"_links":{"self":[{"href":"https:\/\/www.ambienteyenergia.gob.ec\/ambiente\/wp-json\/wp\/v2\/posts\/23271","targetHints":{"allow":["GET"]}}],"collection":[{"href":"https:\/\/www.ambienteyenergia.gob.ec\/ambiente\/wp-json\/wp\/v2\/posts"}],"about":[{"href":"https:\/\/www.ambienteyenergia.gob.ec\/ambiente\/wp-json\/wp\/v2\/types\/post"}],"author":[{"embeddable":true,"href":"https:\/\/www.ambienteyenergia.gob.ec\/ambiente\/wp-json\/wp\/v2\/users\/13"}],"replies":[{"embeddable":true,"href":"https:\/\/www.ambienteyenergia.gob.ec\/ambiente\/wp-json\/wp\/v2\/comments?post=23271"}],"version-history":[{"count":0,"href":"https:\/\/www.ambienteyenergia.gob.ec\/ambiente\/wp-json\/wp\/v2\/posts\/23271\/revisions"}],"wp:featuredmedia":[{"embeddable":true,"href":"https:\/\/www.ambienteyenergia.gob.ec\/ambiente\/wp-json\/wp\/v2\/media\/23272"}],"wp:attachment":[{"href":"https:\/\/www.ambienteyenergia.gob.ec\/ambiente\/wp-json\/wp\/v2\/media?parent=23271"}],"wp:term":[{"taxonomy":"category","embeddable":true,"href":"https:\/\/www.ambienteyenergia.gob.ec\/ambiente\/wp-json\/wp\/v2\/categories?post=23271"},{"taxonomy":"post_tag","embeddable":true,"href":"https:\/\/www.ambienteyenergia.gob.ec\/ambiente\/wp-json\/wp\/v2\/tags?post=23271"}],"curies":[{"name":"wp","href":"https:\/\/api.w.org\/{rel}","templated":true}]}}