{"id":23249,"date":"2014-11-06T19:59:45","date_gmt":"2014-11-07T00:59:45","guid":{"rendered":"http:\/\/www.ambiente.gob.ec\/?p=23249"},"modified":"2014-11-06T19:59:45","modified_gmt":"2014-11-07T00:59:45","slug":"ecuador-propuso-la-inclusion-de-cuatro-especies-migratorias-en-los-apendices-i-y-ii-de-la-cms","status":"publish","type":"post","link":"https:\/\/www.ambienteyenergia.gob.ec\/ambiente\/ecuador-propuso-la-inclusion-de-cuatro-especies-migratorias-en-los-apendices-i-y-ii-de-la-cms\/","title":{"rendered":"Ecuador propuso la inclusi\u00f3n de cuatro especies migratorias en los Ap\u00e9ndices I y II de la CMS"},"content":{"rendered":"<p style=\"text-align: justify;\"><em>Cuatro propuestas de protecci\u00f3n de especies en peligro de extinci\u00f3n fueron presentadas por Ecuador ante la plenaria de la COP11<\/em><em>.<\/em><\/p>\n<p style=\"text-align: justify;\">Hoy en el desarrollo de la tercera plenaria de la XI Convenci\u00f3n de las Partes (COP, por sus siglas en ingles) que se desarrolla en Quito con la participaci\u00f3n de 600 delegados de m\u00e1s de 120 pa\u00edses con el objetivo de debatir, intercambiar experiencias y consolidar estrategias de conservaci\u00f3n de especies migratorias de vida silvestre como mecanismo mundial que garantice la supervivencia de especies amenazadas a nivel mundial.<\/p>\n<p style=\"text-align: justify;\">Durante el foro de la COP, Ecuador propuso de manera individual la inclusi\u00f3n e <em>Reinita Canadiense<\/em> en el Ap\u00e9ndice II de la CMS, idea que fue apoyada de forma un\u00e1nime por plenaria de la CMS, luego de ser ratificada por Egipto, Canad\u00e1, Estados Unidos y Chile que se\u00f1al\u00f3 el consenso de la Regi\u00f3n de Am\u00e9rica del Sur, Central y el Caribe.<\/p>\n<p style=\"text-align: justify;\">La representante ecuatoriana, durante su propuesta, explic\u00f3 los motivos que llevaron a liderar esta petici\u00f3n \u201cEn la actualidad existen 1.4 millones de individuos de esta especie y su declinaci\u00f3n es cr\u00edtica, hablamos de una disminuci\u00f3n del 4.5% anual, debido principalmente a la p\u00e9rdida de su h\u00e1bitat por la agricultura y plantaciones de caf\u00e9\u201d.<\/p>\n<p style=\"text-align: justify;\">Por otro lado, el Gobierno ecuatoriano de forma conjunta con Paraguay y Costa Rica realizaron la propuesta de incluir en el Ap\u00e9ndice I al ave <em>Playerito Semipalmeado<\/em> y a los <em>Tiburones Martillo Gigante<\/em> y Com\u00fan en el Ap\u00e9ndice II de la CMS, respectivamente.<\/p>\n<p style=\"text-align: justify;\">Respecto a la inclusi\u00f3n de esta ave, la representante de Paraguay aclar\u00f3 que esta propuesta se da en base a las evidencias de la declinaci\u00f3n de los individuos de esta especie que anualmente representa un 4%, debido a que enfrenta amenazas como la caza, la contaminaci\u00f3n y p\u00e9rdida de su h\u00e1bitat natural. \u201cEsta propuesta busca desarrollar un mecanismo de manejo de las amenazas, con el af\u00e1n de disminuirlas progresivamente, garantizando de esta manera el porcentaje de p\u00e9rdida de individuos de Playerito Semipalmeado\u201d<\/p>\n<p style=\"text-align: justify;\">Por otro lado el representante de Ecuador recalc\u00f3 sobre la importancia de la protecci\u00f3n a las dos especies de tibur\u00f3n martillo con el objetivo de promover el cuidado y protecci\u00f3n de estas especies y sus h\u00e1bitats. \u201cQueremos incluir dos especies de Tibur\u00f3n Martillo: <em>Sphyrna lewini <\/em>(Com\u00fan)y<em> Sphyrna mokarran <\/em>(Gigante) en el Ap\u00e9ndice II de esta convenci\u00f3n. Estas dos especies presentan caracter\u00edsticas similares en cuanto a su distribuci\u00f3n por lo cual enfrentan similares amenazas\u201d se\u00f1al\u00f3 el representante de Ecuador.<\/p>\n<p style=\"text-align: justify;\">La principal amenaza de estas especies es la caza indiscriminada. Las aletas de tibur\u00f3n son una de las m\u00e1s comercializadas en el mercado mundial.<\/p>\n<p style=\"text-align: justify;\">Se estima que el declive del tibur\u00f3n martillo est\u00e1 entre el 50% al 90% a nivel mundial; reconociendo as\u00ed el estado de vulnerabilidad y la importancia de iniciar acciones para su protecci\u00f3n. El Ecuador por ejemplo ya ha dado algunos pasos para ello, pues actualmente cuenta con un Plan Nacional de Conservaci\u00f3n y Manejo de Tiburones con el objetivo de encontrar un equilibrio entre la producci\u00f3n pesquera y la conservaci\u00f3n de los ecosistemas marinos.<\/p>\n<p style=\"text-align: justify;\">Adem\u00e1s, los delegados internacionales realizaron 28 propuestas adicionales para la inclusi\u00f3n en los Ap\u00e9ndices I y II de especies de mam\u00edferos, aves y peces que fueron apoyadas en su mayor\u00eda de forma un\u00e1nime por el pleno de la Convenci\u00f3n de Especies Migratorias de Vida Silvestre.<\/p>\n","protected":false},"excerpt":{"rendered":"<p class=\"excerpt\">Cuatro propuestas de protecci\u00f3n de especies en peligro de extinci\u00f3n fueron presentadas por Ecuador ante la plenaria de la COP11. Hoy en el desarrollo de la tercera plenaria de la XI Convenci\u00f3n de las Partes (COP, por sus siglas en ingles) que se desarrolla en Quito con la participaci\u00f3n de 600 delegados de m\u00e1s de 120 pa\u00edses con el objetivo&hellip; <a href=\"https:\/\/www.ambienteyenergia.gob.ec\/ambiente\/ecuador-propuso-la-inclusion-de-cuatro-especies-migratorias-en-los-apendices-i-y-ii-de-la-cms\/\">Read more &rarr;<\/a><\/p>\n","protected":false},"author":13,"featured_media":23250,"comment_status":"open","ping_status":"open","sticky":false,"template":"","format":"standard","meta":{"footnotes":""},"categories":[16,4],"tags":[569,572,48,108,53],"class_list":["post-23249","post","type-post","status-publish","format-standard","has-post-thumbnail","hentry","category-comunicamos","category-noticias","tag-cms","tag-cop-11","tag-ecuador","tag-lorena-tapia","tag-mae","xfolkentry"],"_links":{"self":[{"href":"https:\/\/www.ambienteyenergia.gob.ec\/ambiente\/wp-json\/wp\/v2\/posts\/23249","targetHints":{"allow":["GET"]}}],"collection":[{"href":"https:\/\/www.ambienteyenergia.gob.ec\/ambiente\/wp-json\/wp\/v2\/posts"}],"about":[{"href":"https:\/\/www.ambienteyenergia.gob.ec\/ambiente\/wp-json\/wp\/v2\/types\/post"}],"author":[{"embeddable":true,"href":"https:\/\/www.ambienteyenergia.gob.ec\/ambiente\/wp-json\/wp\/v2\/users\/13"}],"replies":[{"embeddable":true,"href":"https:\/\/www.ambienteyenergia.gob.ec\/ambiente\/wp-json\/wp\/v2\/comments?post=23249"}],"version-history":[{"count":0,"href":"https:\/\/www.ambienteyenergia.gob.ec\/ambiente\/wp-json\/wp\/v2\/posts\/23249\/revisions"}],"wp:featuredmedia":[{"embeddable":true,"href":"https:\/\/www.ambienteyenergia.gob.ec\/ambiente\/wp-json\/wp\/v2\/media\/23250"}],"wp:attachment":[{"href":"https:\/\/www.ambienteyenergia.gob.ec\/ambiente\/wp-json\/wp\/v2\/media?parent=23249"}],"wp:term":[{"taxonomy":"category","embeddable":true,"href":"https:\/\/www.ambienteyenergia.gob.ec\/ambiente\/wp-json\/wp\/v2\/categories?post=23249"},{"taxonomy":"post_tag","embeddable":true,"href":"https:\/\/www.ambienteyenergia.gob.ec\/ambiente\/wp-json\/wp\/v2\/tags?post=23249"}],"curies":[{"name":"wp","href":"https:\/\/api.w.org\/{rel}","templated":true}]}}