{"id":23245,"date":"2014-11-06T17:27:36","date_gmt":"2014-11-06T22:27:36","guid":{"rendered":"http:\/\/www.ambiente.gob.ec\/?p=23245"},"modified":"2014-11-06T17:27:36","modified_gmt":"2014-11-06T22:27:36","slug":"monitoreo-biologico-un-mundo-de-conocimiento-y-responsabilidades-compartidas","status":"publish","type":"post","link":"https:\/\/www.ambienteyenergia.gob.ec\/ambiente\/monitoreo-biologico-un-mundo-de-conocimiento-y-responsabilidades-compartidas\/","title":{"rendered":"Monitoreo Biol\u00f3gico: un mundo de conocimiento y responsabilidades compartidas"},"content":{"rendered":"<p style=\"text-align: justify;\">Durante la XI\u00a0Conferencia de las Partes (COP 11 Ec), el Ministerio del Ambiente (MAE) de Ecuador organiz\u00f3 el evento un paralelo denominado \u201cEspecies migratorias: del monitoreo a la pol\u00edtica p\u00fablica\u201d, en el que participaron delegados de organismos internacionales y estatales.<\/p>\n<p style=\"text-align: justify;\">La apertura del encuentro fue precedida por Francisco Prieto, Subsecretario de Patrimonio Natural, quien explic\u00f3\u00a0\u00a0que el objetivo del evento es entender el\u00a0monitoreo biol\u00f3gico como la herramienta fundamental para generar pol\u00edticas p\u00fablicas\u00a0\u00a0para la conservaci\u00f3n de ecosistemas.<\/p>\n<p style=\"text-align: justify;\">Como parte de las ponencias, se presentaron cuatro casos concretos en los que el monitoreo biol\u00f3gico le ha permitido al pa\u00eds,\u00a0\u00a0desarrollar medidas de manejo y planes de acci\u00f3n para la protecci\u00f3n de las especies migratorias.<\/p>\n<p style=\"text-align: justify;\">A trav\u00e9s del Proyecto Vida Silvestre del MAE, PNUD y GEF, por primera vez en el pa\u00eds se est\u00e1 realizando monitoreo a gran escala de 18 especies. Asimismo, en varias \u00e1reas protegidas marino costeras como Pacoche, Galera San Francisco, Machalilla, Puntilla Santa Elena, se trabaja conjuntamente en medidas de manejo para la conservaci\u00f3n de tortugas marinas.<\/p>\n<p style=\"text-align: justify;\">Es por tal motivo que Ecuador comparti\u00f3 la experiencia de m\u00e1s de 17 a\u00f1os en el monitoreo de ballenas jorobadas y la labor de seguimiento que desarrolla la Subsecretar\u00eda Marino Costera de aves migratorias, espec\u00edficamente de albatros y petreles.<\/p>\n<p style=\"text-align: justify;\">El encuentro fue altamente participativo, en el que adem\u00e1s se identificaron los compromisos y responsabilidades que deben asumir todas las naciones que albergan a las especies migratorias durante su recorrido. \u201cCada pa\u00eds debe generar pol\u00edticas p\u00fablicas que aporten en la protecci\u00f3n de la biodiversidad, a trav\u00e9s de la ejecuci\u00f3n de un trabajo articulado, optimizaci\u00f3n de recursos y concienciaci\u00f3n social, en beneficio de la conservaci\u00f3n de especies migratorias\u201d, se\u00f1al\u00f3 Cristina Castro, especialista en el monitoreo de ballenas.<\/p>\n<p style=\"text-align: justify;\">El proceso de monitoreo biol\u00f3gico permite conocer de forma integral a las especies, sus h\u00e1bitat, costumbres y ciclos reproductivos. Tambi\u00e9n permite detectar cambios en las variables de inter\u00e9s de la investigaci\u00f3n, evaluar las acciones y tomar las decisiones oportunas de manejo y conservaci\u00f3n.<\/p>\n<p style=\"text-align: justify;\">Este sistema facilita la identificaci\u00f3n de las amenazas y genera acciones de impacto para la rehabilitaci\u00f3n y protecci\u00f3n de las especies, actividad que se fortalece mediante procesos de capacitaci\u00f3n y generaci\u00f3n de capacidades a actores locales y, fundamentalmente a trav\u00e9s de la comunicaci\u00f3n y educaci\u00f3n ambiental.<\/p>\n<p style=\"text-align: justify;\">Entre sus beneficios m\u00e1s directos se puede se\u00f1alar la articulaci\u00f3n de\u00a0una serie de instituciones y organismos involucrados en las pol\u00edticas de conservaci\u00f3n de las especies migratorias, fomenta reglas de conducta, impulsa la creaci\u00f3n de nuevas\u00a0\u00e1reas protegidas y promueve procesos de sostenibilidad financiera para las comunidades a trav\u00e9s del turismo.<\/p>\n<p style=\"text-align: justify;\">Ecuador busca de esta forma fomentar el desarrollo de pol\u00edticas p\u00fablicas y mecanismos de conservaci\u00f3n para que m\u00e1s pa\u00edses impulsen la aplicaci\u00f3n de medidas de monitoreo e investigaci\u00f3n local que puede ser \u00fatil para la aplicaci\u00f3n de mecanismos mundiales de protecci\u00f3n.<\/p>\n","protected":false},"excerpt":{"rendered":"<p class=\"excerpt\">Durante la XI\u00a0Conferencia de las Partes (COP 11 Ec), el Ministerio del Ambiente (MAE) de Ecuador organiz\u00f3 el evento un paralelo denominado \u201cEspecies migratorias: del monitoreo a la pol\u00edtica p\u00fablica\u201d, en el que participaron delegados de organismos internacionales y estatales. La apertura del encuentro fue precedida por Francisco Prieto, Subsecretario de Patrimonio Natural, quien explic\u00f3\u00a0\u00a0que el objetivo del evento es&hellip; <a href=\"https:\/\/www.ambienteyenergia.gob.ec\/ambiente\/monitoreo-biologico-un-mundo-de-conocimiento-y-responsabilidades-compartidas\/\">Read more &rarr;<\/a><\/p>\n","protected":false},"author":13,"featured_media":23246,"comment_status":"open","ping_status":"open","sticky":false,"template":"","format":"standard","meta":{"footnotes":""},"categories":[16,4],"tags":[569,572,48,108,53],"class_list":["post-23245","post","type-post","status-publish","format-standard","has-post-thumbnail","hentry","category-comunicamos","category-noticias","tag-cms","tag-cop-11","tag-ecuador","tag-lorena-tapia","tag-mae","xfolkentry"],"_links":{"self":[{"href":"https:\/\/www.ambienteyenergia.gob.ec\/ambiente\/wp-json\/wp\/v2\/posts\/23245","targetHints":{"allow":["GET"]}}],"collection":[{"href":"https:\/\/www.ambienteyenergia.gob.ec\/ambiente\/wp-json\/wp\/v2\/posts"}],"about":[{"href":"https:\/\/www.ambienteyenergia.gob.ec\/ambiente\/wp-json\/wp\/v2\/types\/post"}],"author":[{"embeddable":true,"href":"https:\/\/www.ambienteyenergia.gob.ec\/ambiente\/wp-json\/wp\/v2\/users\/13"}],"replies":[{"embeddable":true,"href":"https:\/\/www.ambienteyenergia.gob.ec\/ambiente\/wp-json\/wp\/v2\/comments?post=23245"}],"version-history":[{"count":0,"href":"https:\/\/www.ambienteyenergia.gob.ec\/ambiente\/wp-json\/wp\/v2\/posts\/23245\/revisions"}],"wp:featuredmedia":[{"embeddable":true,"href":"https:\/\/www.ambienteyenergia.gob.ec\/ambiente\/wp-json\/wp\/v2\/media\/23246"}],"wp:attachment":[{"href":"https:\/\/www.ambienteyenergia.gob.ec\/ambiente\/wp-json\/wp\/v2\/media?parent=23245"}],"wp:term":[{"taxonomy":"category","embeddable":true,"href":"https:\/\/www.ambienteyenergia.gob.ec\/ambiente\/wp-json\/wp\/v2\/categories?post=23245"},{"taxonomy":"post_tag","embeddable":true,"href":"https:\/\/www.ambienteyenergia.gob.ec\/ambiente\/wp-json\/wp\/v2\/tags?post=23245"}],"curies":[{"name":"wp","href":"https:\/\/api.w.org\/{rel}","templated":true}]}}