{"id":23232,"date":"2014-11-06T11:55:34","date_gmt":"2014-11-06T16:55:34","guid":{"rendered":"http:\/\/www.ambiente.gob.ec\/?p=23232"},"modified":"2014-11-06T11:55:34","modified_gmt":"2014-11-06T16:55:34","slug":"ecuador-promueve-debate-sobre-especies-migratorias-y-cambio-climatico","status":"publish","type":"post","link":"https:\/\/www.ambienteyenergia.gob.ec\/ambiente\/ecuador-promueve-debate-sobre-especies-migratorias-y-cambio-climatico\/","title":{"rendered":"Ecuador promueve debate sobre especies migratorias y cambio clim\u00e1tico"},"content":{"rendered":"<p style=\"text-align: justify;\">Hoy, en el pleno de la COP11, al tratar sobre el Programa del Cambio Clim\u00e1tico y las Especies Migratorias, Max Andrade, representante del Ecuador en la Comisi\u00f3n ante la Comisi\u00f3n de Especies Migratorias (CMS), mencion\u00f3 que se debe promover de manera objetiva y pr\u00e1ctica la colaboraci\u00f3n y la sinergia sobre las medidas relacionadas sobre el cambio clim\u00e1tico y los instrumentos aplicados por los pa\u00edses miembros en las convenciones, plan de trabajo y programas.<\/p>\n<p style=\"text-align: justify;\">\n<p style=\"text-align: justify;\">Siendo que en pocas semanas se celebrar\u00e1 la COP20 de Cambio Clim\u00e1tico en Per\u00fa, Andrade resalt\u00f3 que las expectativas de tratar este tema son realmente altas, porque se debe ir analizando la repercusi\u00f3n de esta realidad a las especies.<\/p>\n<p style=\"text-align: justify;\">\n<p style=\"text-align: justify;\">El Panel Intergubernamental de Cambio Clim\u00e1tico (IPCC), en su reporte de s\u00edntesis, publicado esta semana, ha manifestado que la sinergia entre las medidas frente al cambio clim\u00e1tico debe tener una intervenci\u00f3n innegable con la conservaci\u00f3n incluyendo las especies migratorias.<\/p>\n<p style=\"text-align: justify;\">\n<p style=\"text-align: justify;\">Basados en este reporte, el representante ecuatoriano manifest\u00f3 el apoyo y optimismo ante la posibilidad de considerar y aprobar el programa de trabajo sobre el cambio clim\u00e1tico y especies migratorias e inst\u00f3 al pleno de la COP11 a adoptar el proyecto de resoluci\u00f3n la presente conferencia de las partes celebrada en la Mitad del Mundo.<\/p>\n","protected":false},"excerpt":{"rendered":"<p class=\"excerpt\">Hoy, en el pleno de la COP11, al tratar sobre el Programa del Cambio Clim\u00e1tico y las Especies Migratorias, Max Andrade, representante del Ecuador en la Comisi\u00f3n ante la Comisi\u00f3n de Especies Migratorias (CMS), mencion\u00f3 que se debe promover de manera objetiva y pr\u00e1ctica la colaboraci\u00f3n y la sinergia sobre las medidas relacionadas sobre el cambio clim\u00e1tico y los instrumentos&hellip; <a href=\"https:\/\/www.ambienteyenergia.gob.ec\/ambiente\/ecuador-promueve-debate-sobre-especies-migratorias-y-cambio-climatico\/\">Read more &rarr;<\/a><\/p>\n","protected":false},"author":13,"featured_media":23214,"comment_status":"open","ping_status":"open","sticky":false,"template":"","format":"standard","meta":{"footnotes":""},"categories":[16,4],"tags":[],"class_list":["post-23232","post","type-post","status-publish","format-standard","has-post-thumbnail","hentry","category-comunicamos","category-noticias","xfolkentry"],"_links":{"self":[{"href":"https:\/\/www.ambienteyenergia.gob.ec\/ambiente\/wp-json\/wp\/v2\/posts\/23232","targetHints":{"allow":["GET"]}}],"collection":[{"href":"https:\/\/www.ambienteyenergia.gob.ec\/ambiente\/wp-json\/wp\/v2\/posts"}],"about":[{"href":"https:\/\/www.ambienteyenergia.gob.ec\/ambiente\/wp-json\/wp\/v2\/types\/post"}],"author":[{"embeddable":true,"href":"https:\/\/www.ambienteyenergia.gob.ec\/ambiente\/wp-json\/wp\/v2\/users\/13"}],"replies":[{"embeddable":true,"href":"https:\/\/www.ambienteyenergia.gob.ec\/ambiente\/wp-json\/wp\/v2\/comments?post=23232"}],"version-history":[{"count":0,"href":"https:\/\/www.ambienteyenergia.gob.ec\/ambiente\/wp-json\/wp\/v2\/posts\/23232\/revisions"}],"wp:featuredmedia":[{"embeddable":true,"href":"https:\/\/www.ambienteyenergia.gob.ec\/ambiente\/wp-json\/wp\/v2\/media\/23214"}],"wp:attachment":[{"href":"https:\/\/www.ambienteyenergia.gob.ec\/ambiente\/wp-json\/wp\/v2\/media?parent=23232"}],"wp:term":[{"taxonomy":"category","embeddable":true,"href":"https:\/\/www.ambienteyenergia.gob.ec\/ambiente\/wp-json\/wp\/v2\/categories?post=23232"},{"taxonomy":"post_tag","embeddable":true,"href":"https:\/\/www.ambienteyenergia.gob.ec\/ambiente\/wp-json\/wp\/v2\/tags?post=23232"}],"curies":[{"name":"wp","href":"https:\/\/api.w.org\/{rel}","templated":true}]}}