{"id":23218,"date":"2014-11-06T11:51:41","date_gmt":"2014-11-06T16:51:41","guid":{"rendered":"http:\/\/www.ambiente.gob.ec\/?p=23218"},"modified":"2014-11-07T15:25:35","modified_gmt":"2014-11-07T20:25:35","slug":"ecuador-y-costa-rica-impulsan-la-inclusion-del-tiburon-martillo-como-especie-protegida","status":"publish","type":"post","link":"https:\/\/www.ambienteyenergia.gob.ec\/ambiente\/ecuador-y-costa-rica-impulsan-la-inclusion-del-tiburon-martillo-como-especie-protegida\/","title":{"rendered":"Ecuador y Costa Rica impulsan la inclusi\u00f3n del tibur\u00f3n martillo como especie protegida"},"content":{"rendered":"<p style=\"text-align: justify;\">Una reuni\u00f3n paralela efectuada hoy en el marco de la COP11, fue el escenario para que Ecuador y Costa Rica impulsen ante los representantes de los pa\u00edses presentes la propuesta de incluir al tibur\u00f3n martillo dentro del ap\u00e9ndice 2 de especies protegidas, por peligro vulnerable, de la Convensi\u00f3n de Especies Migratorias (CMS).<\/p>\n<p style=\"text-align: justify;\">Con la exposici\u00f3n de videos, im\u00e1genes fotogr\u00e1ficas y las expresiones de representantes\u00a0\u00a0 de los pa\u00edses se promovi\u00f3 a los presentes a que apoyen esta iniciativa que hoy jueves se presenta en la plenaria de la COP11.<\/p>\n<p style=\"text-align: justify;\">Eduardo Espinosa, en representaci\u00f3n del Parque Nacional Gal\u00e1pagos, destac\u00f3 el trabajo que se realiza el Gobierno ecuatoriano para la conservaci\u00f3n de las especies migratorias, en especial del tibur\u00f3n martillo.<\/p>\n<p style=\"text-align: justify;\">Entre las exposiciones, los representantes enfatizaron la defensa de la especie, ya que las hembras van dejando a sus cr\u00edas por las costas, pero esta se ve amenazada por la pesquer\u00eda que vende su carne y la comercializa como corvina.<\/p>\n<p style=\"text-align: justify;\">Ambos pa\u00edses que impulsan esta acci\u00f3n conservacionista, se caracterizan por tener alta migraci\u00f3n de esta especie, por ofrecer un h\u00e1bitat similar que atrae a los tiburones, en especial el tibur\u00f3n martillo.<\/p>\n","protected":false},"excerpt":{"rendered":"<p class=\"excerpt\">Una reuni\u00f3n paralela efectuada hoy en el marco de la COP11, fue el escenario para que Ecuador y Costa Rica impulsen ante los representantes de los pa\u00edses presentes la propuesta de incluir al tibur\u00f3n martillo dentro del ap\u00e9ndice 2 de especies protegidas, por peligro vulnerable, de la Convensi\u00f3n de Especies Migratorias (CMS). Con la exposici\u00f3n de videos, im\u00e1genes fotogr\u00e1ficas y&hellip; <a href=\"https:\/\/www.ambienteyenergia.gob.ec\/ambiente\/ecuador-y-costa-rica-impulsan-la-inclusion-del-tiburon-martillo-como-especie-protegida\/\">Read more &rarr;<\/a><\/p>\n","protected":false},"author":13,"featured_media":23238,"comment_status":"open","ping_status":"open","sticky":false,"template":"","format":"standard","meta":{"footnotes":""},"categories":[16,4],"tags":[],"class_list":["post-23218","post","type-post","status-publish","format-standard","has-post-thumbnail","hentry","category-comunicamos","category-noticias","xfolkentry"],"_links":{"self":[{"href":"https:\/\/www.ambienteyenergia.gob.ec\/ambiente\/wp-json\/wp\/v2\/posts\/23218","targetHints":{"allow":["GET"]}}],"collection":[{"href":"https:\/\/www.ambienteyenergia.gob.ec\/ambiente\/wp-json\/wp\/v2\/posts"}],"about":[{"href":"https:\/\/www.ambienteyenergia.gob.ec\/ambiente\/wp-json\/wp\/v2\/types\/post"}],"author":[{"embeddable":true,"href":"https:\/\/www.ambienteyenergia.gob.ec\/ambiente\/wp-json\/wp\/v2\/users\/13"}],"replies":[{"embeddable":true,"href":"https:\/\/www.ambienteyenergia.gob.ec\/ambiente\/wp-json\/wp\/v2\/comments?post=23218"}],"version-history":[{"count":0,"href":"https:\/\/www.ambienteyenergia.gob.ec\/ambiente\/wp-json\/wp\/v2\/posts\/23218\/revisions"}],"wp:featuredmedia":[{"embeddable":true,"href":"https:\/\/www.ambienteyenergia.gob.ec\/ambiente\/wp-json\/wp\/v2\/media\/23238"}],"wp:attachment":[{"href":"https:\/\/www.ambienteyenergia.gob.ec\/ambiente\/wp-json\/wp\/v2\/media?parent=23218"}],"wp:term":[{"taxonomy":"category","embeddable":true,"href":"https:\/\/www.ambienteyenergia.gob.ec\/ambiente\/wp-json\/wp\/v2\/categories?post=23218"},{"taxonomy":"post_tag","embeddable":true,"href":"https:\/\/www.ambienteyenergia.gob.ec\/ambiente\/wp-json\/wp\/v2\/tags?post=23218"}],"curies":[{"name":"wp","href":"https:\/\/api.w.org\/{rel}","templated":true}]}}