{"id":23197,"date":"2014-11-05T16:21:19","date_gmt":"2014-11-05T21:21:19","guid":{"rendered":"http:\/\/www.ambiente.gob.ec\/?p=23197"},"modified":"2014-11-05T16:21:19","modified_gmt":"2014-11-05T21:21:19","slug":"ecuador-pionero-en-la-conservacion-de-mantarrayas-gigantes","status":"publish","type":"post","link":"https:\/\/www.ambienteyenergia.gob.ec\/ambiente\/ecuador-pionero-en-la-conservacion-de-mantarrayas-gigantes\/","title":{"rendered":"Ecuador pionero en la conservaci\u00f3n de mantarrayas gigantes"},"content":{"rendered":"<p style=\"text-align: justify;\">El Ministerio del Ambiente de Ecuador a trav\u00e9s de la Subsecretaria Marino Costera, con el apoyo de la Fundaci\u00f3n Marine Megafauna, presentaron la propuesta para incluir en los Ap\u00e9ndices I y II de la Convenci\u00f3n sobre Especies Migratorias (CMS), a la conservaci\u00f3n de la especie de mantarraya gigante (Manta Alfredy).<\/p>\n<p>La propuesta fue presentada como parte de los eventos complemenarios de la XI Conferencia de las Partes (COP 11 Ec), que se desarrolla en Quito desde el 4 hasta el 9 de noviembre de 2014, con la participaci\u00f3n de delegaciones de m\u00e1s 120 pa\u00edses.<\/p>\n<p>Desde el a\u00f1o 2010 funciona en el pa\u00eds el Proyecto Mantarrayas Ecuador con el objetivo de investigar, conservar y proteger a esta especie. Esta informaci\u00f3n ha validado la propuesta pa\u00eds para este prop\u00f3sito.<\/p>\n<p>Varios estudios se han desarrollado principalmente en la Isla de La Plata, parte del Parque Nacional Machalilla,\u00a0 lugar que concentra la mayor variedad de mantarrayas entre julio y octubre. \u201cSe ha logrado observar alrededor de 60 y 70 especies en un solo d\u00eda. M\u00e1s de 1600 de ellas han sido registradas en esta parte del Ecuador, lo cual lo coloca entre los primeros pa\u00edses que las alberga\u201d, asegur\u00f3 Michael Guerrero del Proyecto Mantarrayas Ecuador.<\/p>\n<p>Adem\u00e1s, el proyecto ha levantado informaci\u00f3n transcendental relacionada a la mantarraya gigante, pues no exist\u00edan datos anteriormente que pudieran validar la propuesta de conservaci\u00f3n emitida desde el 2011 por el Ministerio del Ambiente.<\/p>\n<p>Cabe mencionar que el pa\u00eds es pionero en la defensa de la especie marina y es el primero en decretar la prohibici\u00f3n de su pesca dirigida.<\/p>\n","protected":false},"excerpt":{"rendered":"<p class=\"excerpt\">El Ministerio del Ambiente de Ecuador a trav\u00e9s de la Subsecretaria Marino Costera, con el apoyo de la Fundaci\u00f3n Marine Megafauna, presentaron la propuesta para incluir en los Ap\u00e9ndices I y II de la Convenci\u00f3n sobre Especies Migratorias (CMS), a la conservaci\u00f3n de la especie de mantarraya gigante (Manta Alfredy). La propuesta fue presentada como parte de los eventos complemenarios&hellip; <a href=\"https:\/\/www.ambienteyenergia.gob.ec\/ambiente\/ecuador-pionero-en-la-conservacion-de-mantarrayas-gigantes\/\">Read more &rarr;<\/a><\/p>\n","protected":false},"author":13,"featured_media":23198,"comment_status":"open","ping_status":"open","sticky":false,"template":"","format":"standard","meta":{"footnotes":""},"categories":[16,4],"tags":[],"class_list":["post-23197","post","type-post","status-publish","format-standard","has-post-thumbnail","hentry","category-comunicamos","category-noticias","xfolkentry"],"_links":{"self":[{"href":"https:\/\/www.ambienteyenergia.gob.ec\/ambiente\/wp-json\/wp\/v2\/posts\/23197","targetHints":{"allow":["GET"]}}],"collection":[{"href":"https:\/\/www.ambienteyenergia.gob.ec\/ambiente\/wp-json\/wp\/v2\/posts"}],"about":[{"href":"https:\/\/www.ambienteyenergia.gob.ec\/ambiente\/wp-json\/wp\/v2\/types\/post"}],"author":[{"embeddable":true,"href":"https:\/\/www.ambienteyenergia.gob.ec\/ambiente\/wp-json\/wp\/v2\/users\/13"}],"replies":[{"embeddable":true,"href":"https:\/\/www.ambienteyenergia.gob.ec\/ambiente\/wp-json\/wp\/v2\/comments?post=23197"}],"version-history":[{"count":0,"href":"https:\/\/www.ambienteyenergia.gob.ec\/ambiente\/wp-json\/wp\/v2\/posts\/23197\/revisions"}],"wp:featuredmedia":[{"embeddable":true,"href":"https:\/\/www.ambienteyenergia.gob.ec\/ambiente\/wp-json\/wp\/v2\/media\/23198"}],"wp:attachment":[{"href":"https:\/\/www.ambienteyenergia.gob.ec\/ambiente\/wp-json\/wp\/v2\/media?parent=23197"}],"wp:term":[{"taxonomy":"category","embeddable":true,"href":"https:\/\/www.ambienteyenergia.gob.ec\/ambiente\/wp-json\/wp\/v2\/categories?post=23197"},{"taxonomy":"post_tag","embeddable":true,"href":"https:\/\/www.ambienteyenergia.gob.ec\/ambiente\/wp-json\/wp\/v2\/tags?post=23197"}],"curies":[{"name":"wp","href":"https:\/\/api.w.org\/{rel}","templated":true}]}}